{"id":1897,"date":"2024-06-01T00:00:35","date_gmt":"2024-06-01T00:00:35","guid":{"rendered":"https:\/\/maisondefrance.de\/?p=1897"},"modified":"2024-09-23T11:01:56","modified_gmt":"2024-09-23T11:01:56","slug":"die-nacht-der-ideen","status":"publish","type":"post","link":"https:\/\/maisondefrance.de\/fr\/die-nacht-der-ideen\/","title":{"rendered":"Die Nacht der Ideen am 11.06.24"},"content":{"rendered":"<div data-elementor-type=\"wp-post\" data-elementor-id=\"1897\" class=\"elementor elementor-1897\" data-elementor-post-type=\"post\">\n\t\t\t\t<div class=\"elementor-element elementor-element-5d4e33e e-flex e-con-boxed e-con e-parent\" data-id=\"5d4e33e\" data-element_type=\"container\">\n\t\t\t\t\t<div class=\"e-con-inner\">\n\t\t\t\t<div class=\"elementor-element elementor-element-a769492 elementor-widget elementor-widget-heading\" data-id=\"a769492\" data-element_type=\"widget\" data-widget_type=\"heading.default\">\n\t\t\t\t<div class=\"elementor-widget-container\">\n\t\t\t\t\t<h2 class=\"elementor-heading-title elementor-size-default\">Die Nacht der Ideen am 11.06.2024<\/h2>\t\t\t\t<\/div>\n\t\t\t\t<\/div>\n\t\t\t\t\t<\/div>\n\t\t\t\t<\/div>\n\t\t<div class=\"elementor-element elementor-element-70ec5ad e-flex e-con-boxed e-con e-parent\" data-id=\"70ec5ad\" data-element_type=\"container\">\n\t\t\t\t\t<div class=\"e-con-inner\">\n\t\t\t\t<div class=\"elementor-element elementor-element-9b5d868 elementor-widget elementor-widget-image\" data-id=\"9b5d868\" data-element_type=\"widget\" data-widget_type=\"image.default\">\n\t\t\t\t<div class=\"elementor-widget-container\">\n\t\t\t\t\t\t\t\t\t\t\t\t\t\t\t<img fetchpriority=\"high\" decoding=\"async\" width=\"768\" height=\"644\" src=\"https:\/\/maisondefrance.de\/wp-content\/uploads\/2024\/06\/NDI_Facebook_carre_DE_Biotopien-768x644.jpg\" class=\"attachment-medium_large size-medium_large wp-image-1899\" alt=\"\" srcset=\"https:\/\/maisondefrance.de\/wp-content\/uploads\/2024\/06\/NDI_Facebook_carre_DE_Biotopien-768x644.jpg 768w, https:\/\/maisondefrance.de\/wp-content\/uploads\/2024\/06\/NDI_Facebook_carre_DE_Biotopien-300x251.jpg 300w, https:\/\/maisondefrance.de\/wp-content\/uploads\/2024\/06\/NDI_Facebook_carre_DE_Biotopien.jpg 940w\" sizes=\"(max-width: 768px) 100vw, 768px\" \/>\t\t\t\t\t\t\t\t\t\t\t\t\t\t\t<\/div>\n\t\t\t\t<\/div>\n\t\t\t\t<div class=\"elementor-element elementor-element-b9e4f21 elementor-widget elementor-widget-text-editor\" data-id=\"b9e4f21\" data-element_type=\"widget\" data-widget_type=\"text-editor.default\">\n\t\t\t\t<div class=\"elementor-widget-container\">\n\t\t\t\t\t\t\t\t\t<p class=\"elementToProof\"><span class=\"\">Auch in diesem Jahr veranstaltet das Institut fran\u00e7ais Deutschland die Nacht der Ideen. Wir laden Sie herzlich ein, am 11. Juni 2024 im Maison de France an einem Abend voller vielversprechender Diskussionen, Begegnungen und Debatten teilzunehmen. Sie haben die M\u00f6glichkeit, mit inspirierenden Pers\u00f6nlichkeiten, Philosophen und K\u00fcnstlern, Anthropologen und Wissenschaftlern, Aktivisten und K\u00e4mpfern, Sch\u00f6pfern und Enthusiasten zu sprechen. Vor allem aber k\u00f6nnen wir gemeinsam davon tr\u00e4umen, Modelle f\u00fcr eine Welt zu entwerfen, in der wir gerne leben m\u00f6chten. Als echtes Ideenfestival wird diese Nacht von vielf\u00e4ltigen Ereignissen gepr\u00e4gt sein, darunter Performances, Debatten, Videos, Ausstellungen, wissenschaftliche Workshops, Kino und andere innovative Formate, die es zu entdecken gilt! <\/span><\/p>\t\t\t\t\t\t\t\t<\/div>\n\t\t\t\t<\/div>\n\t\t\t\t\t<\/div>\n\t\t\t\t<\/div>\n\t\t\t\t<\/div>","protected":false},"excerpt":{"rendered":"<p>Die Nacht der Ideen am 11.06.2024 Auch in diesem Jahr veranstaltet das Institut fran\u00e7ais Deutschland die Nacht der Ideen. Wir laden Sie herzlich ein, am 11. Juni 2024 im Maison de France an einem Abend voller vielversprechender Diskussionen, Begegnungen und Debatten teilzunehmen. Sie haben die M\u00f6glichkeit, mit inspirierenden Pers\u00f6nlichkeiten, Philosophen und K\u00fcnstlern, Anthropologen und Wissenschaftlern, [&hellip;]<\/p>","protected":false},"author":1,"featured_media":1899,"comment_status":"closed","ping_status":"closed","sticky":false,"template":"elementor_header_footer","format":"standard","meta":{"site-sidebar-layout":"default","site-content-layout":"","ast-site-content-layout":"default","site-content-style":"default","site-sidebar-style":"default","ast-global-header-display":"","ast-banner-title-visibility":"","ast-main-header-display":"","ast-hfb-above-header-display":"","ast-hfb-below-header-display":"","ast-hfb-mobile-header-display":"","site-post-title":"","ast-breadcrumbs-content":"","ast-featured-img":"","footer-sml-layout":"","ast-disable-related-posts":"","theme-transparent-header-meta":"","adv-header-id-meta":"","stick-header-meta":"","header-above-stick-meta":"","header-main-stick-meta":"","header-below-stick-meta":"","astra-migrate-meta-layouts":"set","ast-page-background-enabled":"default","ast-page-background-meta":{"desktop":{"background-color":"var(--ast-global-color-4)","background-image":"","background-repeat":"repeat","background-position":"center center","background-size":"auto","background-attachment":"scroll","background-type":"","background-media":"","overlay-type":"","overlay-color":"","overlay-opacity":"","overlay-gradient":""},"tablet":{"background-color":"","background-image":"","background-repeat":"repeat","background-position":"center center","background-size":"auto","background-attachment":"scroll","background-type":"","background-media":"","overlay-type":"","overlay-color":"","overlay-opacity":"","overlay-gradient":""},"mobile":{"background-color":"","background-image":"","background-repeat":"repeat","background-position":"center center","background-size":"auto","background-attachment":"scroll","background-type":"","background-media":"","overlay-type":"","overlay-color":"","overlay-opacity":"","overlay-gradient":""}},"ast-content-background-meta":{"desktop":{"background-color":"var(--ast-global-color-5)","background-image":"","background-repeat":"repeat","background-position":"center center","background-size":"auto","background-attachment":"scroll","background-type":"","background-media":"","overlay-type":"","overlay-color":"","overlay-opacity":"","overlay-gradient":""},"tablet":{"background-color":"var(--ast-global-color-5)","background-image":"","background-repeat":"repeat","background-position":"center center","background-size":"auto","background-attachment":"scroll","background-type":"","background-media":"","overlay-type":"","overlay-color":"","overlay-opacity":"","overlay-gradient":""},"mobile":{"background-color":"var(--ast-global-color-5)","background-image":"","background-repeat":"repeat","background-position":"center center","background-size":"auto","background-attachment":"scroll","background-type":"","background-media":"","overlay-type":"","overlay-color":"","overlay-opacity":"","overlay-gradient":""}},"footnotes":""},"categories":[1],"tags":[],"class_list":["post-1897","post","type-post","status-publish","format-standard","has-post-thumbnail","hentry","category-uncategorized"],"yoast_head":"<!-- This site is optimized with the Yoast SEO plugin v27.0 - https:\/\/yoast.com\/product\/yoast-seo-wordpress\/ -->\n<title>Die Nacht der Ideen am 11.06.24 - Freundeskreis des MAISON DE FRANCE e.V.<\/title>\n<meta name=\"robots\" content=\"index, follow, max-snippet:-1, max-image-preview:large, max-video-preview:-1\" \/>\n<link rel=\"canonical\" href=\"https:\/\/maisondefrance.de\/fr\/die-nacht-der-ideen\/\" \/>\n<meta property=\"og:locale\" content=\"fr_FR\" \/>\n<meta property=\"og:type\" content=\"article\" \/>\n<meta property=\"og:title\" content=\"Die Nacht der Ideen am 11.06.24 - Freundeskreis des MAISON DE FRANCE e.V.\" \/>\n<meta property=\"og:description\" content=\"Die Nacht der Ideen am 11.06.2024 Auch in diesem Jahr veranstaltet das Institut fran\u00e7ais Deutschland die Nacht der Ideen. Wir laden Sie herzlich ein, am 11. Juni 2024 im Maison de France an einem Abend voller vielversprechender Diskussionen, Begegnungen und Debatten teilzunehmen. Sie haben die M\u00f6glichkeit, mit inspirierenden Pers\u00f6nlichkeiten, Philosophen und K\u00fcnstlern, Anthropologen und Wissenschaftlern, [&hellip;]\" \/>\n<meta property=\"og:url\" content=\"https:\/\/maisondefrance.de\/fr\/die-nacht-der-ideen\/\" \/>\n<meta property=\"og:site_name\" content=\"Freundeskreis des MAISON DE FRANCE e.V.\" \/>\n<meta property=\"article:published_time\" content=\"2024-06-01T00:00:35+00:00\" \/>\n<meta property=\"article:modified_time\" content=\"2024-09-23T11:01:56+00:00\" \/>\n<meta property=\"og:image\" content=\"https:\/\/maisondefrance.de\/wp-content\/uploads\/2024\/06\/NDI_Facebook_carre_DE_Biotopien.jpg\" \/>\n\t<meta property=\"og:image:width\" content=\"940\" \/>\n\t<meta property=\"og:image:height\" content=\"788\" \/>\n\t<meta property=\"og:image:type\" content=\"image\/jpeg\" \/>\n<meta name=\"author\" content=\"admin\" \/>\n<meta name=\"twitter:card\" content=\"summary_large_image\" \/>\n<meta name=\"twitter:label1\" content=\"\u00c9crit par\" \/>\n\t<meta name=\"twitter:data1\" content=\"admin\" \/>\n\t<meta name=\"twitter:label2\" content=\"Dur\u00e9e de lecture estim\u00e9e\" \/>\n\t<meta name=\"twitter:data2\" content=\"2 minutes\" \/>\n<script type=\"application\/ld+json\" class=\"yoast-schema-graph\">{\"@context\":\"https:\/\/schema.org\",\"@graph\":[{\"@type\":\"Article\",\"@id\":\"https:\/\/maisondefrance.de\/die-nacht-der-ideen\/#article\",\"isPartOf\":{\"@id\":\"https:\/\/maisondefrance.de\/die-nacht-der-ideen\/\"},\"author\":{\"name\":\"admin\",\"@id\":\"https:\/\/maisondefrance.de\/#\/schema\/person\/bcc6f1401d17b348a4ba77765f9b8586\"},\"headline\":\"Die Nacht der Ideen am 11.06.24\",\"datePublished\":\"2024-06-01T00:00:35+00:00\",\"dateModified\":\"2024-09-23T11:01:56+00:00\",\"mainEntityOfPage\":{\"@id\":\"https:\/\/maisondefrance.de\/die-nacht-der-ideen\/\"},\"wordCount\":125,\"publisher\":{\"@id\":\"https:\/\/maisondefrance.de\/#organization\"},\"image\":{\"@id\":\"https:\/\/maisondefrance.de\/die-nacht-der-ideen\/#primaryimage\"},\"thumbnailUrl\":\"https:\/\/maisondefrance.de\/wp-content\/uploads\/2024\/06\/NDI_Facebook_carre_DE_Biotopien.jpg\",\"articleSection\":[\"Uncategorized\"],\"inLanguage\":\"fr-FR\"},{\"@type\":\"WebPage\",\"@id\":\"https:\/\/maisondefrance.de\/die-nacht-der-ideen\/\",\"url\":\"https:\/\/maisondefrance.de\/die-nacht-der-ideen\/\",\"name\":\"Die Nacht der Ideen am 11.06.24 - Freundeskreis des MAISON DE FRANCE e.V.\",\"isPartOf\":{\"@id\":\"https:\/\/maisondefrance.de\/#website\"},\"primaryImageOfPage\":{\"@id\":\"https:\/\/maisondefrance.de\/die-nacht-der-ideen\/#primaryimage\"},\"image\":{\"@id\":\"https:\/\/maisondefrance.de\/die-nacht-der-ideen\/#primaryimage\"},\"thumbnailUrl\":\"https:\/\/maisondefrance.de\/wp-content\/uploads\/2024\/06\/NDI_Facebook_carre_DE_Biotopien.jpg\",\"datePublished\":\"2024-06-01T00:00:35+00:00\",\"dateModified\":\"2024-09-23T11:01:56+00:00\",\"breadcrumb\":{\"@id\":\"https:\/\/maisondefrance.de\/die-nacht-der-ideen\/#breadcrumb\"},\"inLanguage\":\"fr-FR\",\"potentialAction\":[{\"@type\":\"ReadAction\",\"target\":[\"https:\/\/maisondefrance.de\/die-nacht-der-ideen\/\"]}]},{\"@type\":\"ImageObject\",\"inLanguage\":\"fr-FR\",\"@id\":\"https:\/\/maisondefrance.de\/die-nacht-der-ideen\/#primaryimage\",\"url\":\"https:\/\/maisondefrance.de\/wp-content\/uploads\/2024\/06\/NDI_Facebook_carre_DE_Biotopien.jpg\",\"contentUrl\":\"https:\/\/maisondefrance.de\/wp-content\/uploads\/2024\/06\/NDI_Facebook_carre_DE_Biotopien.jpg\",\"width\":940,\"height\":788},{\"@type\":\"BreadcrumbList\",\"@id\":\"https:\/\/maisondefrance.de\/die-nacht-der-ideen\/#breadcrumb\",\"itemListElement\":[{\"@type\":\"ListItem\",\"position\":1,\"name\":\"Startseite\",\"item\":\"https:\/\/maisondefrance.de\/\"},{\"@type\":\"ListItem\",\"position\":2,\"name\":\"Die Nacht der Ideen am 11.06.24\"}]},{\"@type\":\"WebSite\",\"@id\":\"https:\/\/maisondefrance.de\/#website\",\"url\":\"https:\/\/maisondefrance.de\/\",\"name\":\"Freundeskreis des MAISON DE FRANCE e.V.\",\"description\":\"Deutsch-Franz\u00f6sischer Kulturverein\",\"publisher\":{\"@id\":\"https:\/\/maisondefrance.de\/#organization\"},\"potentialAction\":[{\"@type\":\"SearchAction\",\"target\":{\"@type\":\"EntryPoint\",\"urlTemplate\":\"https:\/\/maisondefrance.de\/?s={search_term_string}\"},\"query-input\":{\"@type\":\"PropertyValueSpecification\",\"valueRequired\":true,\"valueName\":\"search_term_string\"}}],\"inLanguage\":\"fr-FR\"},{\"@type\":\"Organization\",\"@id\":\"https:\/\/maisondefrance.de\/#organization\",\"name\":\"Freundeskreis des MAISON DE FRANCE e.V.\",\"url\":\"https:\/\/maisondefrance.de\/\",\"logo\":{\"@type\":\"ImageObject\",\"inLanguage\":\"fr-FR\",\"@id\":\"https:\/\/maisondefrance.de\/#\/schema\/logo\/image\/\",\"url\":\"https:\/\/maisondefrance.de\/wp-content\/uploads\/2024\/09\/cropped-image004-2.png\",\"contentUrl\":\"https:\/\/maisondefrance.de\/wp-content\/uploads\/2024\/09\/cropped-image004-2.png\",\"width\":665,\"height\":624,\"caption\":\"Freundeskreis des MAISON DE FRANCE e.V.\"},\"image\":{\"@id\":\"https:\/\/maisondefrance.de\/#\/schema\/logo\/image\/\"}},{\"@type\":\"Person\",\"@id\":\"https:\/\/maisondefrance.de\/#\/schema\/person\/bcc6f1401d17b348a4ba77765f9b8586\",\"name\":\"admin\",\"sameAs\":[\"https:\/\/maisondefrance.de\"],\"url\":\"https:\/\/maisondefrance.de\/fr\/author\/mdfadmin1\/\"}]}<\/script>\n<!-- \/ Yoast SEO plugin. -->","yoast_head_json":{"title":"Die Nacht der Ideen am 11.06.24 - Freundeskreis des MAISON DE FRANCE e.V.","robots":{"index":"index","follow":"follow","max-snippet":"max-snippet:-1","max-image-preview":"max-image-preview:large","max-video-preview":"max-video-preview:-1"},"canonical":"https:\/\/maisondefrance.de\/fr\/die-nacht-der-ideen\/","og_locale":"fr_FR","og_type":"article","og_title":"Die Nacht der Ideen am 11.06.24 - Freundeskreis des MAISON DE FRANCE e.V.","og_description":"Die Nacht der Ideen am 11.06.2024 Auch in diesem Jahr veranstaltet das Institut fran\u00e7ais Deutschland die Nacht der Ideen. Wir laden Sie herzlich ein, am 11. Juni 2024 im Maison de France an einem Abend voller vielversprechender Diskussionen, Begegnungen und Debatten teilzunehmen. Sie haben die M\u00f6glichkeit, mit inspirierenden Pers\u00f6nlichkeiten, Philosophen und K\u00fcnstlern, Anthropologen und Wissenschaftlern, [&hellip;]","og_url":"https:\/\/maisondefrance.de\/fr\/die-nacht-der-ideen\/","og_site_name":"Freundeskreis des MAISON DE FRANCE e.V.","article_published_time":"2024-06-01T00:00:35+00:00","article_modified_time":"2024-09-23T11:01:56+00:00","og_image":[{"width":940,"height":788,"url":"https:\/\/maisondefrance.de\/wp-content\/uploads\/2024\/06\/NDI_Facebook_carre_DE_Biotopien.jpg","type":"image\/jpeg"}],"author":"admin","twitter_card":"summary_large_image","twitter_misc":{"\u00c9crit par":"admin","Dur\u00e9e de lecture estim\u00e9e":"2 minutes"},"schema":{"@context":"https:\/\/schema.org","@graph":[{"@type":"Article","@id":"https:\/\/maisondefrance.de\/die-nacht-der-ideen\/#article","isPartOf":{"@id":"https:\/\/maisondefrance.de\/die-nacht-der-ideen\/"},"author":{"name":"admin","@id":"https:\/\/maisondefrance.de\/#\/schema\/person\/bcc6f1401d17b348a4ba77765f9b8586"},"headline":"Die Nacht der Ideen am 11.06.24","datePublished":"2024-06-01T00:00:35+00:00","dateModified":"2024-09-23T11:01:56+00:00","mainEntityOfPage":{"@id":"https:\/\/maisondefrance.de\/die-nacht-der-ideen\/"},"wordCount":125,"publisher":{"@id":"https:\/\/maisondefrance.de\/#organization"},"image":{"@id":"https:\/\/maisondefrance.de\/die-nacht-der-ideen\/#primaryimage"},"thumbnailUrl":"https:\/\/maisondefrance.de\/wp-content\/uploads\/2024\/06\/NDI_Facebook_carre_DE_Biotopien.jpg","articleSection":["Uncategorized"],"inLanguage":"fr-FR"},{"@type":"WebPage","@id":"https:\/\/maisondefrance.de\/die-nacht-der-ideen\/","url":"https:\/\/maisondefrance.de\/die-nacht-der-ideen\/","name":"Die Nacht der Ideen am 11.06.24 - Freundeskreis des MAISON DE FRANCE e.V.","isPartOf":{"@id":"https:\/\/maisondefrance.de\/#website"},"primaryImageOfPage":{"@id":"https:\/\/maisondefrance.de\/die-nacht-der-ideen\/#primaryimage"},"image":{"@id":"https:\/\/maisondefrance.de\/die-nacht-der-ideen\/#primaryimage"},"thumbnailUrl":"https:\/\/maisondefrance.de\/wp-content\/uploads\/2024\/06\/NDI_Facebook_carre_DE_Biotopien.jpg","datePublished":"2024-06-01T00:00:35+00:00","dateModified":"2024-09-23T11:01:56+00:00","breadcrumb":{"@id":"https:\/\/maisondefrance.de\/die-nacht-der-ideen\/#breadcrumb"},"inLanguage":"fr-FR","potentialAction":[{"@type":"ReadAction","target":["https:\/\/maisondefrance.de\/die-nacht-der-ideen\/"]}]},{"@type":"ImageObject","inLanguage":"fr-FR","@id":"https:\/\/maisondefrance.de\/die-nacht-der-ideen\/#primaryimage","url":"https:\/\/maisondefrance.de\/wp-content\/uploads\/2024\/06\/NDI_Facebook_carre_DE_Biotopien.jpg","contentUrl":"https:\/\/maisondefrance.de\/wp-content\/uploads\/2024\/06\/NDI_Facebook_carre_DE_Biotopien.jpg","width":940,"height":788},{"@type":"BreadcrumbList","@id":"https:\/\/maisondefrance.de\/die-nacht-der-ideen\/#breadcrumb","itemListElement":[{"@type":"ListItem","position":1,"name":"Startseite","item":"https:\/\/maisondefrance.de\/"},{"@type":"ListItem","position":2,"name":"Die Nacht der Ideen am 11.06.24"}]},{"@type":"WebSite","@id":"https:\/\/maisondefrance.de\/#website","url":"https:\/\/maisondefrance.de\/","name":"Freundeskreis des MAISON DE FRANCE e.V.","description":"Deutsch-Franz\u00f6sischer Kulturverein","publisher":{"@id":"https:\/\/maisondefrance.de\/#organization"},"potentialAction":[{"@type":"SearchAction","target":{"@type":"EntryPoint","urlTemplate":"https:\/\/maisondefrance.de\/?s={search_term_string}"},"query-input":{"@type":"PropertyValueSpecification","valueRequired":true,"valueName":"search_term_string"}}],"inLanguage":"fr-FR"},{"@type":"Organization","@id":"https:\/\/maisondefrance.de\/#organization","name":"Freundeskreis des MAISON DE FRANCE e.V.","url":"https:\/\/maisondefrance.de\/","logo":{"@type":"ImageObject","inLanguage":"fr-FR","@id":"https:\/\/maisondefrance.de\/#\/schema\/logo\/image\/","url":"https:\/\/maisondefrance.de\/wp-content\/uploads\/2024\/09\/cropped-image004-2.png","contentUrl":"https:\/\/maisondefrance.de\/wp-content\/uploads\/2024\/09\/cropped-image004-2.png","width":665,"height":624,"caption":"Freundeskreis des MAISON DE FRANCE e.V."},"image":{"@id":"https:\/\/maisondefrance.de\/#\/schema\/logo\/image\/"}},{"@type":"Person","@id":"https:\/\/maisondefrance.de\/#\/schema\/person\/bcc6f1401d17b348a4ba77765f9b8586","name":"admin","sameAs":["https:\/\/maisondefrance.de"],"url":"https:\/\/maisondefrance.de\/fr\/author\/mdfadmin1\/"}]}},"_links":{"self":[{"href":"https:\/\/maisondefrance.de\/fr\/wp-json\/wp\/v2\/posts\/1897","targetHints":{"allow":["GET"]}}],"collection":[{"href":"https:\/\/maisondefrance.de\/fr\/wp-json\/wp\/v2\/posts"}],"about":[{"href":"https:\/\/maisondefrance.de\/fr\/wp-json\/wp\/v2\/types\/post"}],"author":[{"embeddable":true,"href":"https:\/\/maisondefrance.de\/fr\/wp-json\/wp\/v2\/users\/1"}],"replies":[{"embeddable":true,"href":"https:\/\/maisondefrance.de\/fr\/wp-json\/wp\/v2\/comments?post=1897"}],"version-history":[{"count":1,"href":"https:\/\/maisondefrance.de\/fr\/wp-json\/wp\/v2\/posts\/1897\/revisions"}],"predecessor-version":[{"id":1998,"href":"https:\/\/maisondefrance.de\/fr\/wp-json\/wp\/v2\/posts\/1897\/revisions\/1998"}],"wp:featuredmedia":[{"embeddable":true,"href":"https:\/\/maisondefrance.de\/fr\/wp-json\/wp\/v2\/media\/1899"}],"wp:attachment":[{"href":"https:\/\/maisondefrance.de\/fr\/wp-json\/wp\/v2\/media?parent=1897"}],"wp:term":[{"taxonomy":"category","embeddable":true,"href":"https:\/\/maisondefrance.de\/fr\/wp-json\/wp\/v2\/categories?post=1897"},{"taxonomy":"post_tag","embeddable":true,"href":"https:\/\/maisondefrance.de\/fr\/wp-json\/wp\/v2\/tags?post=1897"}],"curies":[{"name":"wp","href":"https:\/\/api.w.org\/{rel}","templated":true}]}}