{"id":2014,"date":"2024-09-30T16:52:40","date_gmt":"2024-09-30T16:52:40","guid":{"rendered":"https:\/\/maisondefrance.de\/?p=2014"},"modified":"2024-11-11T11:53:53","modified_gmt":"2024-11-11T11:53:53","slug":"klavierabend-mit-eloise-bella-kohn-am-01-10-24","status":"publish","type":"post","link":"https:\/\/maisondefrance.de\/fr\/klavierabend-mit-eloise-bella-kohn-am-01-10-24\/","title":{"rendered":"Soir\u00e9e piano avec Eloise Bella-Kohn le 1er octobre 24"},"content":{"rendered":"<div data-elementor-type=\"wp-post\" data-elementor-id=\"2014\" class=\"elementor elementor-2014\" data-elementor-post-type=\"post\">\n\t\t\t\t<div class=\"elementor-element elementor-element-713c43d e-flex e-con-boxed e-con e-parent\" data-id=\"713c43d\" data-element_type=\"container\">\n\t\t\t\t\t<div class=\"e-con-inner\">\n\t\t\t\t<div class=\"elementor-element elementor-element-8174339 elementor-widget elementor-widget-text-editor\" data-id=\"8174339\" data-element_type=\"widget\" data-widget_type=\"text-editor.default\">\n\t\t\t\t<div class=\"elementor-widget-container\">\n\t\t\t\t\t\t\t\t\t<div class=\"\">Elo\u00efse Bella Kohn wird dem Institut fran\u00e7ais Berlin am 1. Oktober 2024 die Ehre erweisen, einen Klavierabend anl\u00e4sslich der Ver\u00f6ffentlichung ihres neuesten Albums \u201eParisienne\u201c zu geben.<\/div><div class=\"\"><div class=\"text\"><p class=\"\">Im Boris-Vian-Saal wird Elo\u00efse Bella Kohn Werke von Franz Schubert und Maurice Ravel interpretieren. Sie begann ihren Klavierunterricht im Alter von drei Jahren. Ihr erstes Album, das s\u00e4mtlichen Pr\u00e9ludes von Debussy gewidmet ist, erschien 2018.\u00a0Auf\u00a0ihrem nachfolgenden Album, das 2021 erschien, wirft sie ein neues Licht auf J.-S.\u00a0Bachs Die Kunst der Fuge. Sie tritt in der Berliner Philharmonie, dem Wiener Konzerthaus, dem Th\u00e9\u00e2tre des\u00a0Champs-Elys\u00e9es in Paris, dem Concertgebouw Amsterdam auf, und ist eine international renommierte K\u00fcnstlerin.<\/p><div class=\"\">\u00a0<\/div><div class=\"\">Hier ein Video Link :\u00a0<a class=\"\" href=\"https:\/\/www.youtube.com\/watch?v=IRExJpE21gw\">https:\/\/www.youtube.com\/watch?v=IRExJpE21gw<\/a><\/div><div class=\"\">\u00a0<\/div><div class=\"text\"><hr class=\"\" \/><h3 class=\"date\">01. Oktober 2024<br class=\"\" \/>19:00 &#8211; 21:00<\/h3><\/div><p class=\"\"><strong class=\"\">Das Programm:<\/strong><\/p><p class=\"\"><strong class=\"\">Franz Schubert<\/strong><em class=\"\">,<\/em>\u00a0<\/p><p class=\"\">Drei Klavierst\u00fccke D 946<\/p><p class=\"\">Sentimentale Walzer op. 50 D 779<\/p><p class=\"\">Edle Walzer op. 77 D 969<\/p><p class=\"\"><strong class=\"\">Maurice Ravel<\/strong>,<\/p><p class=\"\">Edle und sentimentale Walzer M 61<\/p><p class=\"\">Schatzmeister der Nacht M 55<\/p><div class=\"\">&#8212;&#8212;&#8212;&#8212;&#8212;&#8212;&#8212;&#8212;&#8212;&#8212;&#8212;&#8212;&#8212;&#8212;&#8212;&#8212;&#8212;&#8212;&#8212;&#8212;&#8212;&#8212;<\/div><div class=\"\"><strong class=\"\">\u00a0<\/strong><\/div><div class=\"\"><strong class=\"\">Inscription : <\/strong><a class=\"\" href=\"mailto:anmeldung.berlin@institutfrancais.de\">anmeldung.berlin@institutfrancais.de<\/a><\/div><\/div><div id=\"infobox\" class=\"\"><div class=\"grid-x\"><div class=\"large-6 cell text\"><p class=\"\">Eintritt: 10 \u20ac <br class=\"\" \/>Erm\u00e4\u00dfigter Preis und Freundeskreis Maison de France : 8 \u20ac<\/p><\/div><\/div><\/div><\/div>\t\t\t\t\t\t\t\t<\/div>\n\t\t\t\t<\/div>\n\t\t\t\t\t<\/div>\n\t\t\t\t<\/div>\n\t\t\t\t<\/div>","protected":false},"excerpt":{"rendered":"<p>Elo\u00efse Bella Kohn wird dem Institut fran\u00e7ais Berlin am 1. Oktober 2024 die Ehre erweisen, einen Klavierabend anl\u00e4sslich der Ver\u00f6ffentlichung ihres neuesten Albums \u201eParisienne\u201c zu geben. Im Boris-Vian-Saal wird Elo\u00efse Bella Kohn Werke von Franz Schubert und Maurice Ravel interpretieren. Sie begann ihren Klavierunterricht im Alter von drei Jahren. Ihr erstes Album, das s\u00e4mtlichen Pr\u00e9ludes [&hellip;]<\/p>","protected":false},"author":1,"featured_media":2015,"comment_status":"closed","ping_status":"closed","sticky":false,"template":"","format":"standard","meta":{"site-sidebar-layout":"default","site-content-layout":"","ast-site-content-layout":"default","site-content-style":"default","site-sidebar-style":"default","ast-global-header-display":"","ast-banner-title-visibility":"","ast-main-header-display":"","ast-hfb-above-header-display":"","ast-hfb-below-header-display":"","ast-hfb-mobile-header-display":"","site-post-title":"","ast-breadcrumbs-content":"","ast-featured-img":"","footer-sml-layout":"","ast-disable-related-posts":"","theme-transparent-header-meta":"","adv-header-id-meta":"","stick-header-meta":"","header-above-stick-meta":"","header-main-stick-meta":"","header-below-stick-meta":"","astra-migrate-meta-layouts":"set","ast-page-background-enabled":"default","ast-page-background-meta":{"desktop":{"background-color":"var(--ast-global-color-4)","background-image":"","background-repeat":"repeat","background-position":"center center","background-size":"auto","background-attachment":"scroll","background-type":"","background-media":"","overlay-type":"","overlay-color":"","overlay-opacity":"","overlay-gradient":""},"tablet":{"background-color":"","background-image":"","background-repeat":"repeat","background-position":"center center","background-size":"auto","background-attachment":"scroll","background-type":"","background-media":"","overlay-type":"","overlay-color":"","overlay-opacity":"","overlay-gradient":""},"mobile":{"background-color":"","background-image":"","background-repeat":"repeat","background-position":"center center","background-size":"auto","background-attachment":"scroll","background-type":"","background-media":"","overlay-type":"","overlay-color":"","overlay-opacity":"","overlay-gradient":""}},"ast-content-background-meta":{"desktop":{"background-color":"var(--ast-global-color-5)","background-image":"","background-repeat":"repeat","background-position":"center center","background-size":"auto","background-attachment":"scroll","background-type":"","background-media":"","overlay-type":"","overlay-color":"","overlay-opacity":"","overlay-gradient":""},"tablet":{"background-color":"var(--ast-global-color-5)","background-image":"","background-repeat":"repeat","background-position":"center center","background-size":"auto","background-attachment":"scroll","background-type":"","background-media":"","overlay-type":"","overlay-color":"","overlay-opacity":"","overlay-gradient":""},"mobile":{"background-color":"var(--ast-global-color-5)","background-image":"","background-repeat":"repeat","background-position":"center center","background-size":"auto","background-attachment":"scroll","background-type":"","background-media":"","overlay-type":"","overlay-color":"","overlay-opacity":"","overlay-gradient":""}},"footnotes":""},"categories":[1],"tags":[],"class_list":["post-2014","post","type-post","status-publish","format-standard","has-post-thumbnail","hentry","category-uncategorized"],"yoast_head":"<!-- This site is optimized with the Yoast SEO plugin v27.0 - https:\/\/yoast.com\/product\/yoast-seo-wordpress\/ -->\n<title>Klavierabend mit Eloise Bella-Kohn am 01.10.24 - Freundeskreis des MAISON DE FRANCE e.V.<\/title>\n<meta name=\"robots\" content=\"index, follow, max-snippet:-1, max-image-preview:large, max-video-preview:-1\" \/>\n<link rel=\"canonical\" href=\"https:\/\/maisondefrance.de\/fr\/klavierabend-mit-eloise-bella-kohn-am-01-10-24\/\" \/>\n<meta property=\"og:locale\" content=\"fr_FR\" \/>\n<meta property=\"og:type\" content=\"article\" \/>\n<meta property=\"og:title\" content=\"Klavierabend mit Eloise Bella-Kohn am 01.10.24 - Freundeskreis des MAISON DE FRANCE e.V.\" \/>\n<meta property=\"og:description\" content=\"Elo\u00efse Bella Kohn wird dem Institut fran\u00e7ais Berlin am 1. Oktober 2024 die Ehre erweisen, einen Klavierabend anl\u00e4sslich der Ver\u00f6ffentlichung ihres neuesten Albums \u201eParisienne\u201c zu geben. Im Boris-Vian-Saal wird Elo\u00efse Bella Kohn Werke von Franz Schubert und Maurice Ravel interpretieren. Sie begann ihren Klavierunterricht im Alter von drei Jahren. Ihr erstes Album, das s\u00e4mtlichen Pr\u00e9ludes [&hellip;]\" \/>\n<meta property=\"og:url\" content=\"https:\/\/maisondefrance.de\/fr\/klavierabend-mit-eloise-bella-kohn-am-01-10-24\/\" \/>\n<meta property=\"og:site_name\" content=\"Freundeskreis des MAISON DE FRANCE e.V.\" \/>\n<meta property=\"article:published_time\" content=\"2024-09-30T16:52:40+00:00\" \/>\n<meta property=\"article:modified_time\" content=\"2024-11-11T11:53:53+00:00\" \/>\n<meta property=\"og:image\" content=\"https:\/\/maisondefrance.de\/wp-content\/uploads\/2024\/09\/Eloise-Bella-Kohn-Web_2.png.webp\" \/>\n\t<meta property=\"og:image:width\" content=\"960\" \/>\n\t<meta property=\"og:image:height\" content=\"540\" \/>\n\t<meta property=\"og:image:type\" content=\"image\/webp\" \/>\n<meta name=\"author\" content=\"admin\" \/>\n<meta name=\"twitter:card\" content=\"summary_large_image\" \/>\n<meta name=\"twitter:label1\" content=\"\u00c9crit par\" \/>\n\t<meta name=\"twitter:data1\" content=\"admin\" \/>\n\t<meta name=\"twitter:label2\" content=\"Dur\u00e9e de lecture estim\u00e9e\" \/>\n\t<meta name=\"twitter:data2\" content=\"1 minute\" \/>\n<script type=\"application\/ld+json\" class=\"yoast-schema-graph\">{\"@context\":\"https:\/\/schema.org\",\"@graph\":[{\"@type\":\"Article\",\"@id\":\"https:\/\/maisondefrance.de\/klavierabend-mit-eloise-bella-kohn-am-01-10-24\/#article\",\"isPartOf\":{\"@id\":\"https:\/\/maisondefrance.de\/klavierabend-mit-eloise-bella-kohn-am-01-10-24\/\"},\"author\":{\"name\":\"admin\",\"@id\":\"https:\/\/maisondefrance.de\/#\/schema\/person\/bcc6f1401d17b348a4ba77765f9b8586\"},\"headline\":\"Klavierabend mit Eloise Bella-Kohn am 01.10.24\",\"datePublished\":\"2024-09-30T16:52:40+00:00\",\"dateModified\":\"2024-11-11T11:53:53+00:00\",\"mainEntityOfPage\":{\"@id\":\"https:\/\/maisondefrance.de\/klavierabend-mit-eloise-bella-kohn-am-01-10-24\/\"},\"wordCount\":174,\"publisher\":{\"@id\":\"https:\/\/maisondefrance.de\/#organization\"},\"image\":{\"@id\":\"https:\/\/maisondefrance.de\/klavierabend-mit-eloise-bella-kohn-am-01-10-24\/#primaryimage\"},\"thumbnailUrl\":\"https:\/\/maisondefrance.de\/wp-content\/uploads\/2024\/09\/Eloise-Bella-Kohn-Web_2.png.webp\",\"articleSection\":[\"Uncategorized\"],\"inLanguage\":\"fr-FR\"},{\"@type\":\"WebPage\",\"@id\":\"https:\/\/maisondefrance.de\/klavierabend-mit-eloise-bella-kohn-am-01-10-24\/\",\"url\":\"https:\/\/maisondefrance.de\/klavierabend-mit-eloise-bella-kohn-am-01-10-24\/\",\"name\":\"Klavierabend mit Eloise Bella-Kohn am 01.10.24 - Freundeskreis des MAISON DE FRANCE e.V.\",\"isPartOf\":{\"@id\":\"https:\/\/maisondefrance.de\/#website\"},\"primaryImageOfPage\":{\"@id\":\"https:\/\/maisondefrance.de\/klavierabend-mit-eloise-bella-kohn-am-01-10-24\/#primaryimage\"},\"image\":{\"@id\":\"https:\/\/maisondefrance.de\/klavierabend-mit-eloise-bella-kohn-am-01-10-24\/#primaryimage\"},\"thumbnailUrl\":\"https:\/\/maisondefrance.de\/wp-content\/uploads\/2024\/09\/Eloise-Bella-Kohn-Web_2.png.webp\",\"datePublished\":\"2024-09-30T16:52:40+00:00\",\"dateModified\":\"2024-11-11T11:53:53+00:00\",\"breadcrumb\":{\"@id\":\"https:\/\/maisondefrance.de\/klavierabend-mit-eloise-bella-kohn-am-01-10-24\/#breadcrumb\"},\"inLanguage\":\"fr-FR\",\"potentialAction\":[{\"@type\":\"ReadAction\",\"target\":[\"https:\/\/maisondefrance.de\/klavierabend-mit-eloise-bella-kohn-am-01-10-24\/\"]}]},{\"@type\":\"ImageObject\",\"inLanguage\":\"fr-FR\",\"@id\":\"https:\/\/maisondefrance.de\/klavierabend-mit-eloise-bella-kohn-am-01-10-24\/#primaryimage\",\"url\":\"https:\/\/maisondefrance.de\/wp-content\/uploads\/2024\/09\/Eloise-Bella-Kohn-Web_2.png.webp\",\"contentUrl\":\"https:\/\/maisondefrance.de\/wp-content\/uploads\/2024\/09\/Eloise-Bella-Kohn-Web_2.png.webp\",\"width\":960,\"height\":540},{\"@type\":\"BreadcrumbList\",\"@id\":\"https:\/\/maisondefrance.de\/klavierabend-mit-eloise-bella-kohn-am-01-10-24\/#breadcrumb\",\"itemListElement\":[{\"@type\":\"ListItem\",\"position\":1,\"name\":\"Startseite\",\"item\":\"https:\/\/maisondefrance.de\/\"},{\"@type\":\"ListItem\",\"position\":2,\"name\":\"Klavierabend mit Eloise Bella-Kohn am 01.10.24\"}]},{\"@type\":\"WebSite\",\"@id\":\"https:\/\/maisondefrance.de\/#website\",\"url\":\"https:\/\/maisondefrance.de\/\",\"name\":\"Freundeskreis des MAISON DE FRANCE e.V.\",\"description\":\"Deutsch-Franz\u00f6sischer Kulturverein\",\"publisher\":{\"@id\":\"https:\/\/maisondefrance.de\/#organization\"},\"potentialAction\":[{\"@type\":\"SearchAction\",\"target\":{\"@type\":\"EntryPoint\",\"urlTemplate\":\"https:\/\/maisondefrance.de\/?s={search_term_string}\"},\"query-input\":{\"@type\":\"PropertyValueSpecification\",\"valueRequired\":true,\"valueName\":\"search_term_string\"}}],\"inLanguage\":\"fr-FR\"},{\"@type\":\"Organization\",\"@id\":\"https:\/\/maisondefrance.de\/#organization\",\"name\":\"Freundeskreis des MAISON DE FRANCE e.V.\",\"url\":\"https:\/\/maisondefrance.de\/\",\"logo\":{\"@type\":\"ImageObject\",\"inLanguage\":\"fr-FR\",\"@id\":\"https:\/\/maisondefrance.de\/#\/schema\/logo\/image\/\",\"url\":\"https:\/\/maisondefrance.de\/wp-content\/uploads\/2024\/09\/cropped-image004-2.png\",\"contentUrl\":\"https:\/\/maisondefrance.de\/wp-content\/uploads\/2024\/09\/cropped-image004-2.png\",\"width\":665,\"height\":624,\"caption\":\"Freundeskreis des MAISON DE FRANCE e.V.\"},\"image\":{\"@id\":\"https:\/\/maisondefrance.de\/#\/schema\/logo\/image\/\"}},{\"@type\":\"Person\",\"@id\":\"https:\/\/maisondefrance.de\/#\/schema\/person\/bcc6f1401d17b348a4ba77765f9b8586\",\"name\":\"admin\",\"sameAs\":[\"https:\/\/maisondefrance.de\"],\"url\":\"https:\/\/maisondefrance.de\/fr\/author\/mdfadmin1\/\"}]}<\/script>\n<!-- \/ Yoast SEO plugin. -->","yoast_head_json":{"title":"Klavierabend mit Eloise Bella-Kohn am 01.10.24 - Freundeskreis des MAISON DE FRANCE e.V.","robots":{"index":"index","follow":"follow","max-snippet":"max-snippet:-1","max-image-preview":"max-image-preview:large","max-video-preview":"max-video-preview:-1"},"canonical":"https:\/\/maisondefrance.de\/fr\/klavierabend-mit-eloise-bella-kohn-am-01-10-24\/","og_locale":"fr_FR","og_type":"article","og_title":"Klavierabend mit Eloise Bella-Kohn am 01.10.24 - Freundeskreis des MAISON DE FRANCE e.V.","og_description":"Elo\u00efse Bella Kohn wird dem Institut fran\u00e7ais Berlin am 1. Oktober 2024 die Ehre erweisen, einen Klavierabend anl\u00e4sslich der Ver\u00f6ffentlichung ihres neuesten Albums \u201eParisienne\u201c zu geben. Im Boris-Vian-Saal wird Elo\u00efse Bella Kohn Werke von Franz Schubert und Maurice Ravel interpretieren. Sie begann ihren Klavierunterricht im Alter von drei Jahren. Ihr erstes Album, das s\u00e4mtlichen Pr\u00e9ludes [&hellip;]","og_url":"https:\/\/maisondefrance.de\/fr\/klavierabend-mit-eloise-bella-kohn-am-01-10-24\/","og_site_name":"Freundeskreis des MAISON DE FRANCE e.V.","article_published_time":"2024-09-30T16:52:40+00:00","article_modified_time":"2024-11-11T11:53:53+00:00","og_image":[{"width":960,"height":540,"url":"https:\/\/maisondefrance.de\/wp-content\/uploads\/2024\/09\/Eloise-Bella-Kohn-Web_2.png.webp","type":"image\/webp"}],"author":"admin","twitter_card":"summary_large_image","twitter_misc":{"\u00c9crit par":"admin","Dur\u00e9e de lecture estim\u00e9e":"1 minute"},"schema":{"@context":"https:\/\/schema.org","@graph":[{"@type":"Article","@id":"https:\/\/maisondefrance.de\/klavierabend-mit-eloise-bella-kohn-am-01-10-24\/#article","isPartOf":{"@id":"https:\/\/maisondefrance.de\/klavierabend-mit-eloise-bella-kohn-am-01-10-24\/"},"author":{"name":"admin","@id":"https:\/\/maisondefrance.de\/#\/schema\/person\/bcc6f1401d17b348a4ba77765f9b8586"},"headline":"Klavierabend mit Eloise Bella-Kohn am 01.10.24","datePublished":"2024-09-30T16:52:40+00:00","dateModified":"2024-11-11T11:53:53+00:00","mainEntityOfPage":{"@id":"https:\/\/maisondefrance.de\/klavierabend-mit-eloise-bella-kohn-am-01-10-24\/"},"wordCount":174,"publisher":{"@id":"https:\/\/maisondefrance.de\/#organization"},"image":{"@id":"https:\/\/maisondefrance.de\/klavierabend-mit-eloise-bella-kohn-am-01-10-24\/#primaryimage"},"thumbnailUrl":"https:\/\/maisondefrance.de\/wp-content\/uploads\/2024\/09\/Eloise-Bella-Kohn-Web_2.png.webp","articleSection":["Uncategorized"],"inLanguage":"fr-FR"},{"@type":"WebPage","@id":"https:\/\/maisondefrance.de\/klavierabend-mit-eloise-bella-kohn-am-01-10-24\/","url":"https:\/\/maisondefrance.de\/klavierabend-mit-eloise-bella-kohn-am-01-10-24\/","name":"Klavierabend mit Eloise Bella-Kohn am 01.10.24 - Freundeskreis des MAISON DE FRANCE e.V.","isPartOf":{"@id":"https:\/\/maisondefrance.de\/#website"},"primaryImageOfPage":{"@id":"https:\/\/maisondefrance.de\/klavierabend-mit-eloise-bella-kohn-am-01-10-24\/#primaryimage"},"image":{"@id":"https:\/\/maisondefrance.de\/klavierabend-mit-eloise-bella-kohn-am-01-10-24\/#primaryimage"},"thumbnailUrl":"https:\/\/maisondefrance.de\/wp-content\/uploads\/2024\/09\/Eloise-Bella-Kohn-Web_2.png.webp","datePublished":"2024-09-30T16:52:40+00:00","dateModified":"2024-11-11T11:53:53+00:00","breadcrumb":{"@id":"https:\/\/maisondefrance.de\/klavierabend-mit-eloise-bella-kohn-am-01-10-24\/#breadcrumb"},"inLanguage":"fr-FR","potentialAction":[{"@type":"ReadAction","target":["https:\/\/maisondefrance.de\/klavierabend-mit-eloise-bella-kohn-am-01-10-24\/"]}]},{"@type":"ImageObject","inLanguage":"fr-FR","@id":"https:\/\/maisondefrance.de\/klavierabend-mit-eloise-bella-kohn-am-01-10-24\/#primaryimage","url":"https:\/\/maisondefrance.de\/wp-content\/uploads\/2024\/09\/Eloise-Bella-Kohn-Web_2.png.webp","contentUrl":"https:\/\/maisondefrance.de\/wp-content\/uploads\/2024\/09\/Eloise-Bella-Kohn-Web_2.png.webp","width":960,"height":540},{"@type":"BreadcrumbList","@id":"https:\/\/maisondefrance.de\/klavierabend-mit-eloise-bella-kohn-am-01-10-24\/#breadcrumb","itemListElement":[{"@type":"ListItem","position":1,"name":"Startseite","item":"https:\/\/maisondefrance.de\/"},{"@type":"ListItem","position":2,"name":"Klavierabend mit Eloise Bella-Kohn am 01.10.24"}]},{"@type":"WebSite","@id":"https:\/\/maisondefrance.de\/#website","url":"https:\/\/maisondefrance.de\/","name":"Freundeskreis des MAISON DE FRANCE e.V.","description":"Deutsch-Franz\u00f6sischer Kulturverein","publisher":{"@id":"https:\/\/maisondefrance.de\/#organization"},"potentialAction":[{"@type":"SearchAction","target":{"@type":"EntryPoint","urlTemplate":"https:\/\/maisondefrance.de\/?s={search_term_string}"},"query-input":{"@type":"PropertyValueSpecification","valueRequired":true,"valueName":"search_term_string"}}],"inLanguage":"fr-FR"},{"@type":"Organization","@id":"https:\/\/maisondefrance.de\/#organization","name":"Freundeskreis des MAISON DE FRANCE e.V.","url":"https:\/\/maisondefrance.de\/","logo":{"@type":"ImageObject","inLanguage":"fr-FR","@id":"https:\/\/maisondefrance.de\/#\/schema\/logo\/image\/","url":"https:\/\/maisondefrance.de\/wp-content\/uploads\/2024\/09\/cropped-image004-2.png","contentUrl":"https:\/\/maisondefrance.de\/wp-content\/uploads\/2024\/09\/cropped-image004-2.png","width":665,"height":624,"caption":"Freundeskreis des MAISON DE FRANCE e.V."},"image":{"@id":"https:\/\/maisondefrance.de\/#\/schema\/logo\/image\/"}},{"@type":"Person","@id":"https:\/\/maisondefrance.de\/#\/schema\/person\/bcc6f1401d17b348a4ba77765f9b8586","name":"admin","sameAs":["https:\/\/maisondefrance.de"],"url":"https:\/\/maisondefrance.de\/fr\/author\/mdfadmin1\/"}]}},"_links":{"self":[{"href":"https:\/\/maisondefrance.de\/fr\/wp-json\/wp\/v2\/posts\/2014","targetHints":{"allow":["GET"]}}],"collection":[{"href":"https:\/\/maisondefrance.de\/fr\/wp-json\/wp\/v2\/posts"}],"about":[{"href":"https:\/\/maisondefrance.de\/fr\/wp-json\/wp\/v2\/types\/post"}],"author":[{"embeddable":true,"href":"https:\/\/maisondefrance.de\/fr\/wp-json\/wp\/v2\/users\/1"}],"replies":[{"embeddable":true,"href":"https:\/\/maisondefrance.de\/fr\/wp-json\/wp\/v2\/comments?post=2014"}],"version-history":[{"count":4,"href":"https:\/\/maisondefrance.de\/fr\/wp-json\/wp\/v2\/posts\/2014\/revisions"}],"predecessor-version":[{"id":2019,"href":"https:\/\/maisondefrance.de\/fr\/wp-json\/wp\/v2\/posts\/2014\/revisions\/2019"}],"wp:featuredmedia":[{"embeddable":true,"href":"https:\/\/maisondefrance.de\/fr\/wp-json\/wp\/v2\/media\/2015"}],"wp:attachment":[{"href":"https:\/\/maisondefrance.de\/fr\/wp-json\/wp\/v2\/media?parent=2014"}],"wp:term":[{"taxonomy":"category","embeddable":true,"href":"https:\/\/maisondefrance.de\/fr\/wp-json\/wp\/v2\/categories?post=2014"},{"taxonomy":"post_tag","embeddable":true,"href":"https:\/\/maisondefrance.de\/fr\/wp-json\/wp\/v2\/tags?post=2014"}],"curies":[{"name":"wp","href":"https:\/\/api.w.org\/{rel}","templated":true}]}}