{"id":2162,"date":"2025-05-06T15:18:54","date_gmt":"2025-05-06T15:18:54","guid":{"rendered":"https:\/\/maisondefrance.de\/?p=2162"},"modified":"2025-07-18T14:53:53","modified_gmt":"2025-07-18T14:53:53","slug":"traumjagd-eine-interaktive-austellung-ab-dem-09-04-25","status":"publish","type":"post","link":"https:\/\/maisondefrance.de\/fr\/traumjagd-eine-interaktive-austellung-ab-dem-09-04-25\/","title":{"rendered":"Traumjagd- Eine interaktive Austellung ab dem 09.04.25"},"content":{"rendered":"<div data-elementor-type=\"wp-post\" data-elementor-id=\"2162\" class=\"elementor elementor-2162\" data-elementor-post-type=\"post\">\n\t\t\t\t<div class=\"elementor-element elementor-element-249ec66 e-flex e-con-boxed e-con e-parent\" data-id=\"249ec66\" data-element_type=\"container\">\n\t\t\t\t\t<div class=\"e-con-inner\">\n\t\t\t\t<div class=\"elementor-element elementor-element-0331a46 elementor-widget elementor-widget-heading\" data-id=\"0331a46\" data-element_type=\"widget\" data-widget_type=\"heading.default\">\n\t\t\t\t<div class=\"elementor-widget-container\">\n\t\t\t\t\t<h2 class=\"elementor-heading-title elementor-size-default\">Austellung Traumjagd<\/h2>\t\t\t\t<\/div>\n\t\t\t\t<\/div>\n\t\t\t\t\t<\/div>\n\t\t\t\t<\/div>\n\t\t<div class=\"elementor-element elementor-element-713c43d e-flex e-con-boxed e-con e-parent\" data-id=\"713c43d\" data-element_type=\"container\">\n\t\t\t\t\t<div class=\"e-con-inner\">\n\t\t\t\t<div class=\"elementor-element elementor-element-8174339 elementor-widget elementor-widget-text-editor\" data-id=\"8174339\" data-element_type=\"widget\" data-widget_type=\"text-editor.default\">\n\t\t\t\t<div class=\"elementor-widget-container\">\n\t\t\t\t\t\t\t\t\t<div class=\"text text-eventpage-summary\"><p><strong>Zum 75-j\u00e4hrigen Jubil\u00e4um des Maison de France \u00a0entf\u00fchrt die K\u00fcnstlerin Julie Stephen Chheng von April bis Juni 2025 das Publikum in ein grafisches und spielerisches Abenteuer rund um die Natur und ihre Imaginationswelten \u2013 ein gro\u00df angelegtes Projekt, das nahezu alle R\u00e4ume des Maison de France einnehmen wird.\u00a0<\/strong><\/p><\/div><div class=\"text\"><p>Mit den Projekten Uramado, Fortune Teller und Paysages en construction k\u00f6nnen die Besucher:innen die R\u00e4ume des Maison de France durch die Linse zeitgen\u00f6ssischer Kunst und der traumhaften Universen der K\u00fcnstlerin neu entdecken, die Illustration, Papier, erweiterte Realit\u00e4t und interaktive Projektionen umfassen. Diese immersive Erfahrung vereint aktuelle Projekte und Forschungen zu Papier und digitalen Medien. Der Betrachter wird eingeladen, die Geister der Natur durch Dialoge zu entdecken, die Parallelen zwischen Mensch und Umwelt aufzeigen und die Gegen\u00fcberstellung von Mensch und Natur hinterfragen. Julie Stephen Chheng spielt mit Worten und Bildern und erforscht unterschiedliche Formen des Geschichtenerz\u00e4hlens \u2013 von Augmented Reality und Projektionen bis hin zu Papierdesign und Buchkunst. Ihre Werke verwischen die Grenzen zwischen Realit\u00e4t und Fantasie und entwickeln Erz\u00e4hlstrukturen, die K\u00f6rperbewegung, Zuschauerentscheidungen und allt\u00e4gliche R\u00e4ume mit einbeziehen. Seit \u00fcber zehn Jahren arbeitet sie mit langj\u00e4hrigen Weggef\u00e4hrten zusammen: Thomas Pons, ihr kreatives Duo und Animationsfilmer, das Studio Volumique mit Julien Hognon und \u00c9tienne Mineur, die interaktive Anwendungen entwickeln, sowie R\u00e9mi Sauzedde alias Apollo Noir, Musiker.<\/p><\/div>\t\t\t\t\t\t\t\t<\/div>\n\t\t\t\t<\/div>\n\t\t\t\t\t<\/div>\n\t\t\t\t<\/div>\n\t\t\t\t<\/div>","protected":false},"excerpt":{"rendered":"<p>Austellung Traumjagd Zum 75-j\u00e4hrigen Jubil\u00e4um des Maison de France \u00a0entf\u00fchrt die K\u00fcnstlerin Julie Stephen Chheng von April bis Juni 2025 das Publikum in ein grafisches und spielerisches Abenteuer rund um die Natur und ihre Imaginationswelten \u2013 ein gro\u00df angelegtes Projekt, das nahezu alle R\u00e4ume des Maison de France einnehmen wird.\u00a0 Mit den Projekten Uramado, Fortune [&hellip;]<\/p>","protected":false},"author":1,"featured_media":2163,"comment_status":"closed","ping_status":"closed","sticky":false,"template":"","format":"standard","meta":{"site-sidebar-layout":"default","site-content-layout":"","ast-site-content-layout":"default","site-content-style":"default","site-sidebar-style":"default","ast-global-header-display":"","ast-banner-title-visibility":"","ast-main-header-display":"","ast-hfb-above-header-display":"","ast-hfb-below-header-display":"","ast-hfb-mobile-header-display":"","site-post-title":"","ast-breadcrumbs-content":"","ast-featured-img":"","footer-sml-layout":"","ast-disable-related-posts":"","theme-transparent-header-meta":"","adv-header-id-meta":"","stick-header-meta":"","header-above-stick-meta":"","header-main-stick-meta":"","header-below-stick-meta":"","astra-migrate-meta-layouts":"set","ast-page-background-enabled":"default","ast-page-background-meta":{"desktop":{"background-color":"var(--ast-global-color-4)","background-image":"","background-repeat":"repeat","background-position":"center center","background-size":"auto","background-attachment":"scroll","background-type":"","background-media":"","overlay-type":"","overlay-color":"","overlay-opacity":"","overlay-gradient":""},"tablet":{"background-color":"","background-image":"","background-repeat":"repeat","background-position":"center center","background-size":"auto","background-attachment":"scroll","background-type":"","background-media":"","overlay-type":"","overlay-color":"","overlay-opacity":"","overlay-gradient":""},"mobile":{"background-color":"","background-image":"","background-repeat":"repeat","background-position":"center center","background-size":"auto","background-attachment":"scroll","background-type":"","background-media":"","overlay-type":"","overlay-color":"","overlay-opacity":"","overlay-gradient":""}},"ast-content-background-meta":{"desktop":{"background-color":"var(--ast-global-color-5)","background-image":"","background-repeat":"repeat","background-position":"center center","background-size":"auto","background-attachment":"scroll","background-type":"","background-media":"","overlay-type":"","overlay-color":"","overlay-opacity":"","overlay-gradient":""},"tablet":{"background-color":"var(--ast-global-color-5)","background-image":"","background-repeat":"repeat","background-position":"center center","background-size":"auto","background-attachment":"scroll","background-type":"","background-media":"","overlay-type":"","overlay-color":"","overlay-opacity":"","overlay-gradient":""},"mobile":{"background-color":"var(--ast-global-color-5)","background-image":"","background-repeat":"repeat","background-position":"center center","background-size":"auto","background-attachment":"scroll","background-type":"","background-media":"","overlay-type":"","overlay-color":"","overlay-opacity":"","overlay-gradient":""}},"footnotes":""},"categories":[1],"tags":[],"class_list":["post-2162","post","type-post","status-publish","format-standard","has-post-thumbnail","hentry","category-uncategorized"],"yoast_head":"<!-- This site is optimized with the Yoast SEO plugin v27.0 - https:\/\/yoast.com\/product\/yoast-seo-wordpress\/ -->\n<title>Traumjagd- Eine interaktive Austellung ab dem 09.04.25 - Freundeskreis des MAISON DE FRANCE e.V.<\/title>\n<meta name=\"robots\" content=\"index, follow, max-snippet:-1, max-image-preview:large, max-video-preview:-1\" \/>\n<link rel=\"canonical\" href=\"https:\/\/maisondefrance.de\/fr\/traumjagd-eine-interaktive-austellung-ab-dem-09-04-25\/\" \/>\n<meta property=\"og:locale\" content=\"fr_FR\" \/>\n<meta property=\"og:type\" content=\"article\" \/>\n<meta property=\"og:title\" content=\"Traumjagd- Eine interaktive Austellung ab dem 09.04.25 - Freundeskreis des MAISON DE FRANCE e.V.\" \/>\n<meta property=\"og:description\" content=\"Austellung Traumjagd Zum 75-j\u00e4hrigen Jubil\u00e4um des Maison de France \u00a0entf\u00fchrt die K\u00fcnstlerin Julie Stephen Chheng von April bis Juni 2025 das Publikum in ein grafisches und spielerisches Abenteuer rund um die Natur und ihre Imaginationswelten \u2013 ein gro\u00df angelegtes Projekt, das nahezu alle R\u00e4ume des Maison de France einnehmen wird.\u00a0 Mit den Projekten Uramado, Fortune [&hellip;]\" \/>\n<meta property=\"og:url\" content=\"https:\/\/maisondefrance.de\/fr\/traumjagd-eine-interaktive-austellung-ab-dem-09-04-25\/\" \/>\n<meta property=\"og:site_name\" content=\"Freundeskreis des MAISON DE FRANCE e.V.\" \/>\n<meta property=\"article:published_time\" content=\"2025-05-06T15:18:54+00:00\" \/>\n<meta property=\"article:modified_time\" content=\"2025-07-18T14:53:53+00:00\" \/>\n<meta property=\"og:image\" content=\"https:\/\/maisondefrance.de\/wp-content\/uploads\/2025\/05\/Julie-Stephen-Chheng-Web-4.png.webp\" \/>\n\t<meta property=\"og:image:width\" content=\"960\" \/>\n\t<meta property=\"og:image:height\" content=\"540\" \/>\n\t<meta property=\"og:image:type\" content=\"image\/webp\" \/>\n<meta name=\"author\" content=\"admin\" \/>\n<meta name=\"twitter:card\" content=\"summary_large_image\" \/>\n<meta name=\"twitter:label1\" content=\"\u00c9crit par\" \/>\n\t<meta name=\"twitter:data1\" content=\"admin\" \/>\n\t<meta name=\"twitter:label2\" content=\"Dur\u00e9e de lecture estim\u00e9e\" \/>\n\t<meta name=\"twitter:data2\" content=\"2 minutes\" \/>\n<script type=\"application\/ld+json\" class=\"yoast-schema-graph\">{\"@context\":\"https:\/\/schema.org\",\"@graph\":[{\"@type\":\"Article\",\"@id\":\"https:\/\/maisondefrance.de\/traumjagd-eine-interaktive-austellung-ab-dem-09-04-25\/#article\",\"isPartOf\":{\"@id\":\"https:\/\/maisondefrance.de\/traumjagd-eine-interaktive-austellung-ab-dem-09-04-25\/\"},\"author\":{\"name\":\"admin\",\"@id\":\"https:\/\/maisondefrance.de\/#\/schema\/person\/bcc6f1401d17b348a4ba77765f9b8586\"},\"headline\":\"Traumjagd- Eine interaktive Austellung ab dem 09.04.25\",\"datePublished\":\"2025-05-06T15:18:54+00:00\",\"dateModified\":\"2025-07-18T14:53:53+00:00\",\"mainEntityOfPage\":{\"@id\":\"https:\/\/maisondefrance.de\/traumjagd-eine-interaktive-austellung-ab-dem-09-04-25\/\"},\"wordCount\":238,\"publisher\":{\"@id\":\"https:\/\/maisondefrance.de\/#organization\"},\"image\":{\"@id\":\"https:\/\/maisondefrance.de\/traumjagd-eine-interaktive-austellung-ab-dem-09-04-25\/#primaryimage\"},\"thumbnailUrl\":\"https:\/\/maisondefrance.de\/wp-content\/uploads\/2025\/05\/Julie-Stephen-Chheng-Web-4.png.webp\",\"articleSection\":[\"Uncategorized\"],\"inLanguage\":\"fr-FR\"},{\"@type\":\"WebPage\",\"@id\":\"https:\/\/maisondefrance.de\/traumjagd-eine-interaktive-austellung-ab-dem-09-04-25\/\",\"url\":\"https:\/\/maisondefrance.de\/traumjagd-eine-interaktive-austellung-ab-dem-09-04-25\/\",\"name\":\"Traumjagd- Eine interaktive Austellung ab dem 09.04.25 - Freundeskreis des MAISON DE FRANCE e.V.\",\"isPartOf\":{\"@id\":\"https:\/\/maisondefrance.de\/#website\"},\"primaryImageOfPage\":{\"@id\":\"https:\/\/maisondefrance.de\/traumjagd-eine-interaktive-austellung-ab-dem-09-04-25\/#primaryimage\"},\"image\":{\"@id\":\"https:\/\/maisondefrance.de\/traumjagd-eine-interaktive-austellung-ab-dem-09-04-25\/#primaryimage\"},\"thumbnailUrl\":\"https:\/\/maisondefrance.de\/wp-content\/uploads\/2025\/05\/Julie-Stephen-Chheng-Web-4.png.webp\",\"datePublished\":\"2025-05-06T15:18:54+00:00\",\"dateModified\":\"2025-07-18T14:53:53+00:00\",\"breadcrumb\":{\"@id\":\"https:\/\/maisondefrance.de\/traumjagd-eine-interaktive-austellung-ab-dem-09-04-25\/#breadcrumb\"},\"inLanguage\":\"fr-FR\",\"potentialAction\":[{\"@type\":\"ReadAction\",\"target\":[\"https:\/\/maisondefrance.de\/traumjagd-eine-interaktive-austellung-ab-dem-09-04-25\/\"]}]},{\"@type\":\"ImageObject\",\"inLanguage\":\"fr-FR\",\"@id\":\"https:\/\/maisondefrance.de\/traumjagd-eine-interaktive-austellung-ab-dem-09-04-25\/#primaryimage\",\"url\":\"https:\/\/maisondefrance.de\/wp-content\/uploads\/2025\/05\/Julie-Stephen-Chheng-Web-4.png.webp\",\"contentUrl\":\"https:\/\/maisondefrance.de\/wp-content\/uploads\/2025\/05\/Julie-Stephen-Chheng-Web-4.png.webp\",\"width\":960,\"height\":540},{\"@type\":\"BreadcrumbList\",\"@id\":\"https:\/\/maisondefrance.de\/traumjagd-eine-interaktive-austellung-ab-dem-09-04-25\/#breadcrumb\",\"itemListElement\":[{\"@type\":\"ListItem\",\"position\":1,\"name\":\"Startseite\",\"item\":\"https:\/\/maisondefrance.de\/\"},{\"@type\":\"ListItem\",\"position\":2,\"name\":\"Traumjagd- Eine interaktive Austellung ab dem 09.04.25\"}]},{\"@type\":\"WebSite\",\"@id\":\"https:\/\/maisondefrance.de\/#website\",\"url\":\"https:\/\/maisondefrance.de\/\",\"name\":\"Freundeskreis des MAISON DE FRANCE e.V.\",\"description\":\"Deutsch-Franz\u00f6sischer Kulturverein\",\"publisher\":{\"@id\":\"https:\/\/maisondefrance.de\/#organization\"},\"potentialAction\":[{\"@type\":\"SearchAction\",\"target\":{\"@type\":\"EntryPoint\",\"urlTemplate\":\"https:\/\/maisondefrance.de\/?s={search_term_string}\"},\"query-input\":{\"@type\":\"PropertyValueSpecification\",\"valueRequired\":true,\"valueName\":\"search_term_string\"}}],\"inLanguage\":\"fr-FR\"},{\"@type\":\"Organization\",\"@id\":\"https:\/\/maisondefrance.de\/#organization\",\"name\":\"Freundeskreis des MAISON DE FRANCE e.V.\",\"url\":\"https:\/\/maisondefrance.de\/\",\"logo\":{\"@type\":\"ImageObject\",\"inLanguage\":\"fr-FR\",\"@id\":\"https:\/\/maisondefrance.de\/#\/schema\/logo\/image\/\",\"url\":\"https:\/\/maisondefrance.de\/wp-content\/uploads\/2024\/09\/cropped-image004-2.png\",\"contentUrl\":\"https:\/\/maisondefrance.de\/wp-content\/uploads\/2024\/09\/cropped-image004-2.png\",\"width\":665,\"height\":624,\"caption\":\"Freundeskreis des MAISON DE FRANCE e.V.\"},\"image\":{\"@id\":\"https:\/\/maisondefrance.de\/#\/schema\/logo\/image\/\"}},{\"@type\":\"Person\",\"@id\":\"https:\/\/maisondefrance.de\/#\/schema\/person\/bcc6f1401d17b348a4ba77765f9b8586\",\"name\":\"admin\",\"sameAs\":[\"https:\/\/maisondefrance.de\"],\"url\":\"https:\/\/maisondefrance.de\/fr\/author\/mdfadmin1\/\"}]}<\/script>\n<!-- \/ Yoast SEO plugin. -->","yoast_head_json":{"title":"Traumjagd- Eine interaktive Austellung ab dem 09.04.25 - Freundeskreis des MAISON DE FRANCE e.V.","robots":{"index":"index","follow":"follow","max-snippet":"max-snippet:-1","max-image-preview":"max-image-preview:large","max-video-preview":"max-video-preview:-1"},"canonical":"https:\/\/maisondefrance.de\/fr\/traumjagd-eine-interaktive-austellung-ab-dem-09-04-25\/","og_locale":"fr_FR","og_type":"article","og_title":"Traumjagd- Eine interaktive Austellung ab dem 09.04.25 - Freundeskreis des MAISON DE FRANCE e.V.","og_description":"Austellung Traumjagd Zum 75-j\u00e4hrigen Jubil\u00e4um des Maison de France \u00a0entf\u00fchrt die K\u00fcnstlerin Julie Stephen Chheng von April bis Juni 2025 das Publikum in ein grafisches und spielerisches Abenteuer rund um die Natur und ihre Imaginationswelten \u2013 ein gro\u00df angelegtes Projekt, das nahezu alle R\u00e4ume des Maison de France einnehmen wird.\u00a0 Mit den Projekten Uramado, Fortune [&hellip;]","og_url":"https:\/\/maisondefrance.de\/fr\/traumjagd-eine-interaktive-austellung-ab-dem-09-04-25\/","og_site_name":"Freundeskreis des MAISON DE FRANCE e.V.","article_published_time":"2025-05-06T15:18:54+00:00","article_modified_time":"2025-07-18T14:53:53+00:00","og_image":[{"width":960,"height":540,"url":"https:\/\/maisondefrance.de\/wp-content\/uploads\/2025\/05\/Julie-Stephen-Chheng-Web-4.png.webp","type":"image\/webp"}],"author":"admin","twitter_card":"summary_large_image","twitter_misc":{"\u00c9crit par":"admin","Dur\u00e9e de lecture estim\u00e9e":"2 minutes"},"schema":{"@context":"https:\/\/schema.org","@graph":[{"@type":"Article","@id":"https:\/\/maisondefrance.de\/traumjagd-eine-interaktive-austellung-ab-dem-09-04-25\/#article","isPartOf":{"@id":"https:\/\/maisondefrance.de\/traumjagd-eine-interaktive-austellung-ab-dem-09-04-25\/"},"author":{"name":"admin","@id":"https:\/\/maisondefrance.de\/#\/schema\/person\/bcc6f1401d17b348a4ba77765f9b8586"},"headline":"Traumjagd- Eine interaktive Austellung ab dem 09.04.25","datePublished":"2025-05-06T15:18:54+00:00","dateModified":"2025-07-18T14:53:53+00:00","mainEntityOfPage":{"@id":"https:\/\/maisondefrance.de\/traumjagd-eine-interaktive-austellung-ab-dem-09-04-25\/"},"wordCount":238,"publisher":{"@id":"https:\/\/maisondefrance.de\/#organization"},"image":{"@id":"https:\/\/maisondefrance.de\/traumjagd-eine-interaktive-austellung-ab-dem-09-04-25\/#primaryimage"},"thumbnailUrl":"https:\/\/maisondefrance.de\/wp-content\/uploads\/2025\/05\/Julie-Stephen-Chheng-Web-4.png.webp","articleSection":["Uncategorized"],"inLanguage":"fr-FR"},{"@type":"WebPage","@id":"https:\/\/maisondefrance.de\/traumjagd-eine-interaktive-austellung-ab-dem-09-04-25\/","url":"https:\/\/maisondefrance.de\/traumjagd-eine-interaktive-austellung-ab-dem-09-04-25\/","name":"Traumjagd- Eine interaktive Austellung ab dem 09.04.25 - Freundeskreis des MAISON DE FRANCE e.V.","isPartOf":{"@id":"https:\/\/maisondefrance.de\/#website"},"primaryImageOfPage":{"@id":"https:\/\/maisondefrance.de\/traumjagd-eine-interaktive-austellung-ab-dem-09-04-25\/#primaryimage"},"image":{"@id":"https:\/\/maisondefrance.de\/traumjagd-eine-interaktive-austellung-ab-dem-09-04-25\/#primaryimage"},"thumbnailUrl":"https:\/\/maisondefrance.de\/wp-content\/uploads\/2025\/05\/Julie-Stephen-Chheng-Web-4.png.webp","datePublished":"2025-05-06T15:18:54+00:00","dateModified":"2025-07-18T14:53:53+00:00","breadcrumb":{"@id":"https:\/\/maisondefrance.de\/traumjagd-eine-interaktive-austellung-ab-dem-09-04-25\/#breadcrumb"},"inLanguage":"fr-FR","potentialAction":[{"@type":"ReadAction","target":["https:\/\/maisondefrance.de\/traumjagd-eine-interaktive-austellung-ab-dem-09-04-25\/"]}]},{"@type":"ImageObject","inLanguage":"fr-FR","@id":"https:\/\/maisondefrance.de\/traumjagd-eine-interaktive-austellung-ab-dem-09-04-25\/#primaryimage","url":"https:\/\/maisondefrance.de\/wp-content\/uploads\/2025\/05\/Julie-Stephen-Chheng-Web-4.png.webp","contentUrl":"https:\/\/maisondefrance.de\/wp-content\/uploads\/2025\/05\/Julie-Stephen-Chheng-Web-4.png.webp","width":960,"height":540},{"@type":"BreadcrumbList","@id":"https:\/\/maisondefrance.de\/traumjagd-eine-interaktive-austellung-ab-dem-09-04-25\/#breadcrumb","itemListElement":[{"@type":"ListItem","position":1,"name":"Startseite","item":"https:\/\/maisondefrance.de\/"},{"@type":"ListItem","position":2,"name":"Traumjagd- Eine interaktive Austellung ab dem 09.04.25"}]},{"@type":"WebSite","@id":"https:\/\/maisondefrance.de\/#website","url":"https:\/\/maisondefrance.de\/","name":"Freundeskreis des MAISON DE FRANCE e.V.","description":"Deutsch-Franz\u00f6sischer Kulturverein","publisher":{"@id":"https:\/\/maisondefrance.de\/#organization"},"potentialAction":[{"@type":"SearchAction","target":{"@type":"EntryPoint","urlTemplate":"https:\/\/maisondefrance.de\/?s={search_term_string}"},"query-input":{"@type":"PropertyValueSpecification","valueRequired":true,"valueName":"search_term_string"}}],"inLanguage":"fr-FR"},{"@type":"Organization","@id":"https:\/\/maisondefrance.de\/#organization","name":"Freundeskreis des MAISON DE FRANCE e.V.","url":"https:\/\/maisondefrance.de\/","logo":{"@type":"ImageObject","inLanguage":"fr-FR","@id":"https:\/\/maisondefrance.de\/#\/schema\/logo\/image\/","url":"https:\/\/maisondefrance.de\/wp-content\/uploads\/2024\/09\/cropped-image004-2.png","contentUrl":"https:\/\/maisondefrance.de\/wp-content\/uploads\/2024\/09\/cropped-image004-2.png","width":665,"height":624,"caption":"Freundeskreis des MAISON DE FRANCE e.V."},"image":{"@id":"https:\/\/maisondefrance.de\/#\/schema\/logo\/image\/"}},{"@type":"Person","@id":"https:\/\/maisondefrance.de\/#\/schema\/person\/bcc6f1401d17b348a4ba77765f9b8586","name":"admin","sameAs":["https:\/\/maisondefrance.de"],"url":"https:\/\/maisondefrance.de\/fr\/author\/mdfadmin1\/"}]}},"_links":{"self":[{"href":"https:\/\/maisondefrance.de\/fr\/wp-json\/wp\/v2\/posts\/2162","targetHints":{"allow":["GET"]}}],"collection":[{"href":"https:\/\/maisondefrance.de\/fr\/wp-json\/wp\/v2\/posts"}],"about":[{"href":"https:\/\/maisondefrance.de\/fr\/wp-json\/wp\/v2\/types\/post"}],"author":[{"embeddable":true,"href":"https:\/\/maisondefrance.de\/fr\/wp-json\/wp\/v2\/users\/1"}],"replies":[{"embeddable":true,"href":"https:\/\/maisondefrance.de\/fr\/wp-json\/wp\/v2\/comments?post=2162"}],"version-history":[{"count":4,"href":"https:\/\/maisondefrance.de\/fr\/wp-json\/wp\/v2\/posts\/2162\/revisions"}],"predecessor-version":[{"id":2167,"href":"https:\/\/maisondefrance.de\/fr\/wp-json\/wp\/v2\/posts\/2162\/revisions\/2167"}],"wp:featuredmedia":[{"embeddable":true,"href":"https:\/\/maisondefrance.de\/fr\/wp-json\/wp\/v2\/media\/2163"}],"wp:attachment":[{"href":"https:\/\/maisondefrance.de\/fr\/wp-json\/wp\/v2\/media?parent=2162"}],"wp:term":[{"taxonomy":"category","embeddable":true,"href":"https:\/\/maisondefrance.de\/fr\/wp-json\/wp\/v2\/categories?post=2162"},{"taxonomy":"post_tag","embeddable":true,"href":"https:\/\/maisondefrance.de\/fr\/wp-json\/wp\/v2\/tags?post=2162"}],"curies":[{"name":"wp","href":"https:\/\/api.w.org\/{rel}","templated":true}]}}