{"id":2168,"date":"2025-05-06T15:30:46","date_gmt":"2025-05-06T15:30:46","guid":{"rendered":"https:\/\/maisondefrance.de\/?p=2168"},"modified":"2025-06-02T21:26:40","modified_gmt":"2025-06-02T21:26:40","slug":"lesung-begegnung-mit-jean-baptiste-andrea-was-ich-von-ihr-weiss","status":"publish","type":"post","link":"https:\/\/maisondefrance.de\/fr\/lesung-begegnung-mit-jean-baptiste-andrea-was-ich-von-ihr-weiss\/","title":{"rendered":"Lesung &amp; Begegnung mit Jean-Baptiste Andrea &#8211; \u201cWas ich von ihr wei\u00df\u201d"},"content":{"rendered":"<div data-elementor-type=\"wp-post\" data-elementor-id=\"2168\" class=\"elementor elementor-2168\" data-elementor-post-type=\"post\">\n\t\t\t\t<div class=\"elementor-element elementor-element-713c43d e-flex e-con-boxed e-con e-parent\" data-id=\"713c43d\" data-element_type=\"container\">\n\t\t\t\t\t<div class=\"e-con-inner\">\n\t\t\t\t<div class=\"elementor-element elementor-element-8174339 elementor-widget elementor-widget-text-editor\" data-id=\"8174339\" data-element_type=\"widget\" data-widget_type=\"text-editor.default\">\n\t\t\t\t<div class=\"elementor-widget-container\">\n\t\t\t\t\t\t\t\t\t<div class=\"\"><div class=\"text\"><div class=\"text text-eventpage-summary\"><p><strong>In seinem Werk &#8222;Was ich von ihr wei\u00df&#8220;, das 2023 mit dem Prix Goncourt ausgezeichnet wurde, erz\u00e4hlt Jean-Baptiste Andrea die Geschichte eines Paares, das sich gegen die gesellschaftlichen Normen seiner Zeit stellt, in einem Italien, das zunehmend dem Faschismus verf\u00e4llt. Das Buch wurde k\u00fcrzlich von Thomas Brovot ins Deutsche \u00fcbersetzt. Journalistin Sigrid Brinkmann\u00a0\u00fcbernimmt die Moderation.<\/strong><\/p><\/div><div class=\"text\"><p><strong>Mehr \u00fcber den Roman:<\/strong><br \/>\u201eEs gibt Verluste, von denen man sich nie erholt.\u201c Im gro\u00dfen Spiel des Schicksals hat Mimo \u2013 Michelangelo Vitaliani \u2013 schlechte Karten gezogen. In Armut geboren, wird er als Kind zu seinem Onkel nach Italien geschickt, um die Kunst der Bildhauerei zu erlernen. Dort, in dem kleinen ligurischen Dorf Pietra d&#8217;Alba, begegnet er Viola, einer jungen Frau aus gutem Hause und der J\u00fcngsten der Orsini, einer angesehenen aristokratischen Familie.<\/p><p>Viola scheint f\u00fcr ein privilegiertes Leben bestimmt zu sein, doch sie passt nicht in die gesellschaftlichen Normen ihrer Zeit. Sie will \u201efliegen\u201c \u2013 frei sein, die sozialen Fesseln sprengen, die Frauen ihres Standes nur die Ehe als einziges Schicksal vorsehen.<\/p><p>Seit ihrer ersten Begegnung durchleben Viola und Mimo gemeinsam die erste H\u00e4lfte des 20. Jahrhunderts und erleben den Aufstieg des Faschismus sowie die Umw\u00e4lzungen der Weltkriege. Er, der Bildhauer von ungew\u00f6hnlicher Gr\u00f6\u00dfe, wird ein von der Elite gefeierter K\u00fcnstler. Sie verfolgt unerm\u00fcdlich ihren Traum von Emanzipation. Sie werden sich immer wieder verlieren und wiederfinden, als Verb\u00fcndete oder Gegner, doch stets verbunden durch eine unersch\u00fctterliche Freundschaft.<\/p><p>Aber was n\u00fctzt der Ruhm, wenn Mimo Viola dennoch gehen lassen muss?<\/p><p><strong>Mehr \u00fcber den Autor:<\/strong><br \/>Jean-Baptiste Andrea, 1971 in Cannes geboren, ist Romanautor und Regisseur. Er erhielt den renommierten Prix Goncourt f\u00fcr \u201eVeiller sur Elle\u201c und gilt \u201ein Frankreich als einer der vielversprechendsten Autoren seiner Generation\u201c (DER SPIEGEL). Jean-Baptiste Andrea studierte Politikwissenschaft und Wirtschaft in Paris. Seine Romane wurden mit zahlreichen Literaturpreisen ausgezeichnet. Er lebt in Cannes.<\/p><p>Die Diskussion wird live auf Deutsch von <strong>Sigrid Brinkmann\u00a0<\/strong>\u00fcbersetzt.<\/p><p>Die deutschen Textpassagen werden von dem Schauspieler <strong>Joshua Hupfauer<\/strong> vorgelesen.<\/p><p>Eine Veranstaltung in Kooperation mit dem <strong>Luchterhand Verlag<\/strong>.<\/p><\/div><div class=\"text\"><hr class=\"\" \/><\/div><h3 class=\"date\">12. Mai 2025<br \/>19:00 &#8211; 21:00<\/h3><div class=\"grid-x\"><div class=\"cell large-6 text\"><p>Eintritt: 6\u20ac \/ kostenlos f\u00fcr Studierende und Azubis <\/p><\/div><div class=\"cell large-6 text\"><p>Institut fran\u00e7ais Berlin<br \/>Kurf\u00fcrstendamm 211 <br \/>10719 Berlin <br \/>Deutschland<\/p><\/div><\/div><div class=\"\">&#8212;&#8212;&#8212;&#8212;&#8212;&#8212;&#8212;&#8212;&#8212;&#8212;&#8212;&#8212;&#8212;&#8212;&#8212;&#8212;&#8212;&#8212;&#8212;&#8212;&#8212;&#8212;<\/div><div class=\"\"><strong class=\"\">\u00a0<\/strong><\/div><div class=\"\"><strong class=\"\">Inscription : <\/strong><a class=\"\" href=\"mailto:anmeldung.berlin@institutfrancais.de\">anmeldung.berlin@institutfrancais.de<\/a><\/div><\/div><div id=\"infobox\" class=\"\"><div class=\"grid-x\"><div class=\"large-6 cell text\"><p class=\"\">\u00a0<\/p><\/div><\/div><\/div><\/div>\t\t\t\t\t\t\t\t<\/div>\n\t\t\t\t<\/div>\n\t\t\t\t\t<\/div>\n\t\t\t\t<\/div>\n\t\t\t\t<\/div>","protected":false},"excerpt":{"rendered":"<p>In seinem Werk &#8222;Was ich von ihr wei\u00df&#8220;, das 2023 mit dem Prix Goncourt ausgezeichnet wurde, erz\u00e4hlt Jean-Baptiste Andrea die Geschichte eines Paares, das sich gegen die gesellschaftlichen Normen seiner Zeit stellt, in einem Italien, das zunehmend dem Faschismus verf\u00e4llt. Das Buch wurde k\u00fcrzlich von Thomas Brovot ins Deutsche \u00fcbersetzt. Journalistin Sigrid Brinkmann\u00a0\u00fcbernimmt die Moderation. [&hellip;]<\/p>","protected":false},"author":1,"featured_media":2169,"comment_status":"closed","ping_status":"closed","sticky":false,"template":"","format":"standard","meta":{"site-sidebar-layout":"default","site-content-layout":"","ast-site-content-layout":"default","site-content-style":"default","site-sidebar-style":"default","ast-global-header-display":"","ast-banner-title-visibility":"","ast-main-header-display":"","ast-hfb-above-header-display":"","ast-hfb-below-header-display":"","ast-hfb-mobile-header-display":"","site-post-title":"","ast-breadcrumbs-content":"","ast-featured-img":"","footer-sml-layout":"","ast-disable-related-posts":"","theme-transparent-header-meta":"","adv-header-id-meta":"","stick-header-meta":"","header-above-stick-meta":"","header-main-stick-meta":"","header-below-stick-meta":"","astra-migrate-meta-layouts":"set","ast-page-background-enabled":"default","ast-page-background-meta":{"desktop":{"background-color":"var(--ast-global-color-4)","background-image":"","background-repeat":"repeat","background-position":"center center","background-size":"auto","background-attachment":"scroll","background-type":"","background-media":"","overlay-type":"","overlay-color":"","overlay-opacity":"","overlay-gradient":""},"tablet":{"background-color":"","background-image":"","background-repeat":"repeat","background-position":"center center","background-size":"auto","background-attachment":"scroll","background-type":"","background-media":"","overlay-type":"","overlay-color":"","overlay-opacity":"","overlay-gradient":""},"mobile":{"background-color":"","background-image":"","background-repeat":"repeat","background-position":"center center","background-size":"auto","background-attachment":"scroll","background-type":"","background-media":"","overlay-type":"","overlay-color":"","overlay-opacity":"","overlay-gradient":""}},"ast-content-background-meta":{"desktop":{"background-color":"var(--ast-global-color-5)","background-image":"","background-repeat":"repeat","background-position":"center center","background-size":"auto","background-attachment":"scroll","background-type":"","background-media":"","overlay-type":"","overlay-color":"","overlay-opacity":"","overlay-gradient":""},"tablet":{"background-color":"var(--ast-global-color-5)","background-image":"","background-repeat":"repeat","background-position":"center center","background-size":"auto","background-attachment":"scroll","background-type":"","background-media":"","overlay-type":"","overlay-color":"","overlay-opacity":"","overlay-gradient":""},"mobile":{"background-color":"var(--ast-global-color-5)","background-image":"","background-repeat":"repeat","background-position":"center center","background-size":"auto","background-attachment":"scroll","background-type":"","background-media":"","overlay-type":"","overlay-color":"","overlay-opacity":"","overlay-gradient":""}},"footnotes":""},"categories":[1],"tags":[],"class_list":["post-2168","post","type-post","status-publish","format-standard","has-post-thumbnail","hentry","category-uncategorized"],"yoast_head":"<!-- This site is optimized with the Yoast SEO plugin v27.0 - https:\/\/yoast.com\/product\/yoast-seo-wordpress\/ -->\n<title>Lesung &amp; Begegnung mit Jean-Baptiste Andrea - \u201cWas ich von ihr wei\u00df\u201d - Freundeskreis des MAISON DE FRANCE e.V.<\/title>\n<meta name=\"robots\" content=\"index, follow, max-snippet:-1, max-image-preview:large, max-video-preview:-1\" \/>\n<link rel=\"canonical\" href=\"https:\/\/maisondefrance.de\/fr\/lesung-begegnung-mit-jean-baptiste-andrea-was-ich-von-ihr-weiss\/\" \/>\n<meta property=\"og:locale\" content=\"fr_FR\" \/>\n<meta property=\"og:type\" content=\"article\" \/>\n<meta property=\"og:title\" content=\"Lesung &amp; Begegnung mit Jean-Baptiste Andrea - \u201cWas ich von ihr wei\u00df\u201d - Freundeskreis des MAISON DE FRANCE e.V.\" \/>\n<meta property=\"og:description\" content=\"In seinem Werk &#8222;Was ich von ihr wei\u00df&#8220;, das 2023 mit dem Prix Goncourt ausgezeichnet wurde, erz\u00e4hlt Jean-Baptiste Andrea die Geschichte eines Paares, das sich gegen die gesellschaftlichen Normen seiner Zeit stellt, in einem Italien, das zunehmend dem Faschismus verf\u00e4llt. Das Buch wurde k\u00fcrzlich von Thomas Brovot ins Deutsche \u00fcbersetzt. Journalistin Sigrid Brinkmann\u00a0\u00fcbernimmt die Moderation. [&hellip;]\" \/>\n<meta property=\"og:url\" content=\"https:\/\/maisondefrance.de\/fr\/lesung-begegnung-mit-jean-baptiste-andrea-was-ich-von-ihr-weiss\/\" \/>\n<meta property=\"og:site_name\" content=\"Freundeskreis des MAISON DE FRANCE e.V.\" \/>\n<meta property=\"article:published_time\" content=\"2025-05-06T15:30:46+00:00\" \/>\n<meta property=\"article:modified_time\" content=\"2025-06-02T21:26:40+00:00\" \/>\n<meta property=\"og:image\" content=\"https:\/\/maisondefrance.de\/wp-content\/uploads\/2025\/05\/Jean-Baptiste-Andrea-Web-1.png.webp\" \/>\n\t<meta property=\"og:image:width\" content=\"960\" \/>\n\t<meta property=\"og:image:height\" content=\"540\" \/>\n\t<meta property=\"og:image:type\" content=\"image\/webp\" \/>\n<meta name=\"author\" content=\"admin\" \/>\n<meta name=\"twitter:card\" content=\"summary_large_image\" \/>\n<meta name=\"twitter:label1\" content=\"\u00c9crit par\" \/>\n\t<meta name=\"twitter:data1\" content=\"admin\" \/>\n\t<meta name=\"twitter:label2\" content=\"Dur\u00e9e de lecture estim\u00e9e\" \/>\n\t<meta name=\"twitter:data2\" content=\"2 minutes\" \/>\n<script type=\"application\/ld+json\" class=\"yoast-schema-graph\">{\"@context\":\"https:\/\/schema.org\",\"@graph\":[{\"@type\":\"Article\",\"@id\":\"https:\/\/maisondefrance.de\/lesung-begegnung-mit-jean-baptiste-andrea-was-ich-von-ihr-weiss\/#article\",\"isPartOf\":{\"@id\":\"https:\/\/maisondefrance.de\/lesung-begegnung-mit-jean-baptiste-andrea-was-ich-von-ihr-weiss\/\"},\"author\":{\"name\":\"admin\",\"@id\":\"https:\/\/maisondefrance.de\/#\/schema\/person\/bcc6f1401d17b348a4ba77765f9b8586\"},\"headline\":\"Lesung &amp; Begegnung mit Jean-Baptiste Andrea &#8211; \u201cWas ich von ihr wei\u00df\u201d\",\"datePublished\":\"2025-05-06T15:30:46+00:00\",\"dateModified\":\"2025-06-02T21:26:40+00:00\",\"mainEntityOfPage\":{\"@id\":\"https:\/\/maisondefrance.de\/lesung-begegnung-mit-jean-baptiste-andrea-was-ich-von-ihr-weiss\/\"},\"wordCount\":375,\"publisher\":{\"@id\":\"https:\/\/maisondefrance.de\/#organization\"},\"image\":{\"@id\":\"https:\/\/maisondefrance.de\/lesung-begegnung-mit-jean-baptiste-andrea-was-ich-von-ihr-weiss\/#primaryimage\"},\"thumbnailUrl\":\"https:\/\/maisondefrance.de\/wp-content\/uploads\/2025\/05\/Jean-Baptiste-Andrea-Web-1.png.webp\",\"articleSection\":[\"Uncategorized\"],\"inLanguage\":\"fr-FR\"},{\"@type\":\"WebPage\",\"@id\":\"https:\/\/maisondefrance.de\/lesung-begegnung-mit-jean-baptiste-andrea-was-ich-von-ihr-weiss\/\",\"url\":\"https:\/\/maisondefrance.de\/lesung-begegnung-mit-jean-baptiste-andrea-was-ich-von-ihr-weiss\/\",\"name\":\"Lesung &amp; Begegnung mit Jean-Baptiste Andrea - \u201cWas ich von ihr wei\u00df\u201d - Freundeskreis des MAISON DE FRANCE e.V.\",\"isPartOf\":{\"@id\":\"https:\/\/maisondefrance.de\/#website\"},\"primaryImageOfPage\":{\"@id\":\"https:\/\/maisondefrance.de\/lesung-begegnung-mit-jean-baptiste-andrea-was-ich-von-ihr-weiss\/#primaryimage\"},\"image\":{\"@id\":\"https:\/\/maisondefrance.de\/lesung-begegnung-mit-jean-baptiste-andrea-was-ich-von-ihr-weiss\/#primaryimage\"},\"thumbnailUrl\":\"https:\/\/maisondefrance.de\/wp-content\/uploads\/2025\/05\/Jean-Baptiste-Andrea-Web-1.png.webp\",\"datePublished\":\"2025-05-06T15:30:46+00:00\",\"dateModified\":\"2025-06-02T21:26:40+00:00\",\"breadcrumb\":{\"@id\":\"https:\/\/maisondefrance.de\/lesung-begegnung-mit-jean-baptiste-andrea-was-ich-von-ihr-weiss\/#breadcrumb\"},\"inLanguage\":\"fr-FR\",\"potentialAction\":[{\"@type\":\"ReadAction\",\"target\":[\"https:\/\/maisondefrance.de\/lesung-begegnung-mit-jean-baptiste-andrea-was-ich-von-ihr-weiss\/\"]}]},{\"@type\":\"ImageObject\",\"inLanguage\":\"fr-FR\",\"@id\":\"https:\/\/maisondefrance.de\/lesung-begegnung-mit-jean-baptiste-andrea-was-ich-von-ihr-weiss\/#primaryimage\",\"url\":\"https:\/\/maisondefrance.de\/wp-content\/uploads\/2025\/05\/Jean-Baptiste-Andrea-Web-1.png.webp\",\"contentUrl\":\"https:\/\/maisondefrance.de\/wp-content\/uploads\/2025\/05\/Jean-Baptiste-Andrea-Web-1.png.webp\",\"width\":960,\"height\":540},{\"@type\":\"BreadcrumbList\",\"@id\":\"https:\/\/maisondefrance.de\/lesung-begegnung-mit-jean-baptiste-andrea-was-ich-von-ihr-weiss\/#breadcrumb\",\"itemListElement\":[{\"@type\":\"ListItem\",\"position\":1,\"name\":\"Startseite\",\"item\":\"https:\/\/maisondefrance.de\/\"},{\"@type\":\"ListItem\",\"position\":2,\"name\":\"Lesung &amp; Begegnung mit Jean-Baptiste Andrea &#8211; \u201cWas ich von ihr wei\u00df\u201d\"}]},{\"@type\":\"WebSite\",\"@id\":\"https:\/\/maisondefrance.de\/#website\",\"url\":\"https:\/\/maisondefrance.de\/\",\"name\":\"Freundeskreis des MAISON DE FRANCE e.V.\",\"description\":\"Deutsch-Franz\u00f6sischer Kulturverein\",\"publisher\":{\"@id\":\"https:\/\/maisondefrance.de\/#organization\"},\"potentialAction\":[{\"@type\":\"SearchAction\",\"target\":{\"@type\":\"EntryPoint\",\"urlTemplate\":\"https:\/\/maisondefrance.de\/?s={search_term_string}\"},\"query-input\":{\"@type\":\"PropertyValueSpecification\",\"valueRequired\":true,\"valueName\":\"search_term_string\"}}],\"inLanguage\":\"fr-FR\"},{\"@type\":\"Organization\",\"@id\":\"https:\/\/maisondefrance.de\/#organization\",\"name\":\"Freundeskreis des MAISON DE FRANCE e.V.\",\"url\":\"https:\/\/maisondefrance.de\/\",\"logo\":{\"@type\":\"ImageObject\",\"inLanguage\":\"fr-FR\",\"@id\":\"https:\/\/maisondefrance.de\/#\/schema\/logo\/image\/\",\"url\":\"https:\/\/maisondefrance.de\/wp-content\/uploads\/2024\/09\/cropped-image004-2.png\",\"contentUrl\":\"https:\/\/maisondefrance.de\/wp-content\/uploads\/2024\/09\/cropped-image004-2.png\",\"width\":665,\"height\":624,\"caption\":\"Freundeskreis des MAISON DE FRANCE e.V.\"},\"image\":{\"@id\":\"https:\/\/maisondefrance.de\/#\/schema\/logo\/image\/\"}},{\"@type\":\"Person\",\"@id\":\"https:\/\/maisondefrance.de\/#\/schema\/person\/bcc6f1401d17b348a4ba77765f9b8586\",\"name\":\"admin\",\"sameAs\":[\"https:\/\/maisondefrance.de\"],\"url\":\"https:\/\/maisondefrance.de\/fr\/author\/mdfadmin1\/\"}]}<\/script>\n<!-- \/ Yoast SEO plugin. -->","yoast_head_json":{"title":"Lesung &amp; Begegnung mit Jean-Baptiste Andrea - \u201cWas ich von ihr wei\u00df\u201d - Freundeskreis des MAISON DE FRANCE e.V.","robots":{"index":"index","follow":"follow","max-snippet":"max-snippet:-1","max-image-preview":"max-image-preview:large","max-video-preview":"max-video-preview:-1"},"canonical":"https:\/\/maisondefrance.de\/fr\/lesung-begegnung-mit-jean-baptiste-andrea-was-ich-von-ihr-weiss\/","og_locale":"fr_FR","og_type":"article","og_title":"Lesung &amp; Begegnung mit Jean-Baptiste Andrea - \u201cWas ich von ihr wei\u00df\u201d - Freundeskreis des MAISON DE FRANCE e.V.","og_description":"In seinem Werk &#8222;Was ich von ihr wei\u00df&#8220;, das 2023 mit dem Prix Goncourt ausgezeichnet wurde, erz\u00e4hlt Jean-Baptiste Andrea die Geschichte eines Paares, das sich gegen die gesellschaftlichen Normen seiner Zeit stellt, in einem Italien, das zunehmend dem Faschismus verf\u00e4llt. Das Buch wurde k\u00fcrzlich von Thomas Brovot ins Deutsche \u00fcbersetzt. Journalistin Sigrid Brinkmann\u00a0\u00fcbernimmt die Moderation. [&hellip;]","og_url":"https:\/\/maisondefrance.de\/fr\/lesung-begegnung-mit-jean-baptiste-andrea-was-ich-von-ihr-weiss\/","og_site_name":"Freundeskreis des MAISON DE FRANCE e.V.","article_published_time":"2025-05-06T15:30:46+00:00","article_modified_time":"2025-06-02T21:26:40+00:00","og_image":[{"width":960,"height":540,"url":"https:\/\/maisondefrance.de\/wp-content\/uploads\/2025\/05\/Jean-Baptiste-Andrea-Web-1.png.webp","type":"image\/webp"}],"author":"admin","twitter_card":"summary_large_image","twitter_misc":{"\u00c9crit par":"admin","Dur\u00e9e de lecture estim\u00e9e":"2 minutes"},"schema":{"@context":"https:\/\/schema.org","@graph":[{"@type":"Article","@id":"https:\/\/maisondefrance.de\/lesung-begegnung-mit-jean-baptiste-andrea-was-ich-von-ihr-weiss\/#article","isPartOf":{"@id":"https:\/\/maisondefrance.de\/lesung-begegnung-mit-jean-baptiste-andrea-was-ich-von-ihr-weiss\/"},"author":{"name":"admin","@id":"https:\/\/maisondefrance.de\/#\/schema\/person\/bcc6f1401d17b348a4ba77765f9b8586"},"headline":"Lesung &amp; Begegnung mit Jean-Baptiste Andrea &#8211; \u201cWas ich von ihr wei\u00df\u201d","datePublished":"2025-05-06T15:30:46+00:00","dateModified":"2025-06-02T21:26:40+00:00","mainEntityOfPage":{"@id":"https:\/\/maisondefrance.de\/lesung-begegnung-mit-jean-baptiste-andrea-was-ich-von-ihr-weiss\/"},"wordCount":375,"publisher":{"@id":"https:\/\/maisondefrance.de\/#organization"},"image":{"@id":"https:\/\/maisondefrance.de\/lesung-begegnung-mit-jean-baptiste-andrea-was-ich-von-ihr-weiss\/#primaryimage"},"thumbnailUrl":"https:\/\/maisondefrance.de\/wp-content\/uploads\/2025\/05\/Jean-Baptiste-Andrea-Web-1.png.webp","articleSection":["Uncategorized"],"inLanguage":"fr-FR"},{"@type":"WebPage","@id":"https:\/\/maisondefrance.de\/lesung-begegnung-mit-jean-baptiste-andrea-was-ich-von-ihr-weiss\/","url":"https:\/\/maisondefrance.de\/lesung-begegnung-mit-jean-baptiste-andrea-was-ich-von-ihr-weiss\/","name":"Lesung &amp; Begegnung mit Jean-Baptiste Andrea - \u201cWas ich von ihr wei\u00df\u201d - Freundeskreis des MAISON DE FRANCE e.V.","isPartOf":{"@id":"https:\/\/maisondefrance.de\/#website"},"primaryImageOfPage":{"@id":"https:\/\/maisondefrance.de\/lesung-begegnung-mit-jean-baptiste-andrea-was-ich-von-ihr-weiss\/#primaryimage"},"image":{"@id":"https:\/\/maisondefrance.de\/lesung-begegnung-mit-jean-baptiste-andrea-was-ich-von-ihr-weiss\/#primaryimage"},"thumbnailUrl":"https:\/\/maisondefrance.de\/wp-content\/uploads\/2025\/05\/Jean-Baptiste-Andrea-Web-1.png.webp","datePublished":"2025-05-06T15:30:46+00:00","dateModified":"2025-06-02T21:26:40+00:00","breadcrumb":{"@id":"https:\/\/maisondefrance.de\/lesung-begegnung-mit-jean-baptiste-andrea-was-ich-von-ihr-weiss\/#breadcrumb"},"inLanguage":"fr-FR","potentialAction":[{"@type":"ReadAction","target":["https:\/\/maisondefrance.de\/lesung-begegnung-mit-jean-baptiste-andrea-was-ich-von-ihr-weiss\/"]}]},{"@type":"ImageObject","inLanguage":"fr-FR","@id":"https:\/\/maisondefrance.de\/lesung-begegnung-mit-jean-baptiste-andrea-was-ich-von-ihr-weiss\/#primaryimage","url":"https:\/\/maisondefrance.de\/wp-content\/uploads\/2025\/05\/Jean-Baptiste-Andrea-Web-1.png.webp","contentUrl":"https:\/\/maisondefrance.de\/wp-content\/uploads\/2025\/05\/Jean-Baptiste-Andrea-Web-1.png.webp","width":960,"height":540},{"@type":"BreadcrumbList","@id":"https:\/\/maisondefrance.de\/lesung-begegnung-mit-jean-baptiste-andrea-was-ich-von-ihr-weiss\/#breadcrumb","itemListElement":[{"@type":"ListItem","position":1,"name":"Startseite","item":"https:\/\/maisondefrance.de\/"},{"@type":"ListItem","position":2,"name":"Lesung &amp; Begegnung mit Jean-Baptiste Andrea &#8211; \u201cWas ich von ihr wei\u00df\u201d"}]},{"@type":"WebSite","@id":"https:\/\/maisondefrance.de\/#website","url":"https:\/\/maisondefrance.de\/","name":"Freundeskreis des MAISON DE FRANCE e.V.","description":"Deutsch-Franz\u00f6sischer Kulturverein","publisher":{"@id":"https:\/\/maisondefrance.de\/#organization"},"potentialAction":[{"@type":"SearchAction","target":{"@type":"EntryPoint","urlTemplate":"https:\/\/maisondefrance.de\/?s={search_term_string}"},"query-input":{"@type":"PropertyValueSpecification","valueRequired":true,"valueName":"search_term_string"}}],"inLanguage":"fr-FR"},{"@type":"Organization","@id":"https:\/\/maisondefrance.de\/#organization","name":"Freundeskreis des MAISON DE FRANCE e.V.","url":"https:\/\/maisondefrance.de\/","logo":{"@type":"ImageObject","inLanguage":"fr-FR","@id":"https:\/\/maisondefrance.de\/#\/schema\/logo\/image\/","url":"https:\/\/maisondefrance.de\/wp-content\/uploads\/2024\/09\/cropped-image004-2.png","contentUrl":"https:\/\/maisondefrance.de\/wp-content\/uploads\/2024\/09\/cropped-image004-2.png","width":665,"height":624,"caption":"Freundeskreis des MAISON DE FRANCE e.V."},"image":{"@id":"https:\/\/maisondefrance.de\/#\/schema\/logo\/image\/"}},{"@type":"Person","@id":"https:\/\/maisondefrance.de\/#\/schema\/person\/bcc6f1401d17b348a4ba77765f9b8586","name":"admin","sameAs":["https:\/\/maisondefrance.de"],"url":"https:\/\/maisondefrance.de\/fr\/author\/mdfadmin1\/"}]}},"_links":{"self":[{"href":"https:\/\/maisondefrance.de\/fr\/wp-json\/wp\/v2\/posts\/2168","targetHints":{"allow":["GET"]}}],"collection":[{"href":"https:\/\/maisondefrance.de\/fr\/wp-json\/wp\/v2\/posts"}],"about":[{"href":"https:\/\/maisondefrance.de\/fr\/wp-json\/wp\/v2\/types\/post"}],"author":[{"embeddable":true,"href":"https:\/\/maisondefrance.de\/fr\/wp-json\/wp\/v2\/users\/1"}],"replies":[{"embeddable":true,"href":"https:\/\/maisondefrance.de\/fr\/wp-json\/wp\/v2\/comments?post=2168"}],"version-history":[{"count":4,"href":"https:\/\/maisondefrance.de\/fr\/wp-json\/wp\/v2\/posts\/2168\/revisions"}],"predecessor-version":[{"id":2173,"href":"https:\/\/maisondefrance.de\/fr\/wp-json\/wp\/v2\/posts\/2168\/revisions\/2173"}],"wp:featuredmedia":[{"embeddable":true,"href":"https:\/\/maisondefrance.de\/fr\/wp-json\/wp\/v2\/media\/2169"}],"wp:attachment":[{"href":"https:\/\/maisondefrance.de\/fr\/wp-json\/wp\/v2\/media?parent=2168"}],"wp:term":[{"taxonomy":"category","embeddable":true,"href":"https:\/\/maisondefrance.de\/fr\/wp-json\/wp\/v2\/categories?post=2168"},{"taxonomy":"post_tag","embeddable":true,"href":"https:\/\/maisondefrance.de\/fr\/wp-json\/wp\/v2\/tags?post=2168"}],"curies":[{"name":"wp","href":"https:\/\/api.w.org\/{rel}","templated":true}]}}