{"id":2174,"date":"2025-05-06T15:36:43","date_gmt":"2025-05-06T15:36:43","guid":{"rendered":"https:\/\/maisondefrance.de\/?p=2174"},"modified":"2025-06-02T21:28:30","modified_gmt":"2025-06-02T21:28:30","slug":"der-himmel-ueber-berlin-qa-mit-wim-wenders-15-05-25","status":"publish","type":"post","link":"https:\/\/maisondefrance.de\/fr\/der-himmel-ueber-berlin-qa-mit-wim-wenders-15-05-25\/","title":{"rendered":"Der Himmel \u00fcber Berlin &#8211; Q&amp;A mit Wim Wenders &#8211; 15.05.25"},"content":{"rendered":"<div data-elementor-type=\"wp-post\" data-elementor-id=\"2174\" class=\"elementor elementor-2174\" data-elementor-post-type=\"post\">\n\t\t\t\t<div class=\"elementor-element elementor-element-713c43d e-flex e-con-boxed e-con e-parent\" data-id=\"713c43d\" data-element_type=\"container\">\n\t\t\t\t\t<div class=\"e-con-inner\">\n\t\t\t\t<div class=\"elementor-element elementor-element-8174339 elementor-widget elementor-widget-text-editor\" data-id=\"8174339\" data-element_type=\"widget\" data-widget_type=\"text-editor.default\">\n\t\t\t\t<div class=\"elementor-widget-container\">\n\t\t\t\t\t\t\t\t\t<div class=\"text text-eventpage-summary\"><p>Anl\u00e4sslich des 75-j\u00e4hrigen Jubil\u00e4ums der Maison de France in Berlin hat das Institut Fran\u00e7ais Berlin in Zusammenarbeit mit dem Cin\u00e9ma Paris zu einer besonderen Filmvorf\u00fchrung eingeladen : Gezeigt wird <em>Der Himmel \u00fcber Berlin<\/em> von Wim Wenders. Im Anschluss fand ein Publikumsgespr\u00e4ch (Q&amp;A) mit dem Regisseur statt, moderiert von Annette Gerlach (Arte).<\/p><\/div><div class=\"text\"><p><em>Der Himmel \u00fcber Berlin<\/em> ist ein magisches filmisches M\u00e4rchen \u00fcber die Kraft der Liebe, die alle Grenzen \u00fcberwindet: zwischen den Menschen und den Engeln, zwischen Ost und West, zwischen Schwarz-Wei\u00df und Farbe, zwischen Film und Poesie. Wenders verwebt die \u00fcberwiegend in Schwarz-Wei\u00df gehaltenen Bilder des legend\u00e4ren franz\u00f6sischen Kameramanns Henri Alekan, um auf elegische Weise Berlin zu ehren, das damals noch geteilt war. Die zentralen Figuren sind die Schutzengel Damiel (Bruno Ganz) und Cassiel (Otto Sander). Es sind unsichtbare und wohlwollende Wesen, die die Gedanken der Menschen h\u00f6ren und versuchen, ihnen Trost zu spenden. Als Damiel sich in die Trapezk\u00fcnstlerin Marion (Solveig Dommartin) verliebt, m\u00f6chte er ein Mensch werden. <em>Der Himmel \u00fcber Berlin<\/em> wurde 1987 auf den Filmfestspielen von Cannes mit dem Preis f\u00fcr die beste Regie ausgezeichnet und erhielt 1988 sowohl den Deutschen Filmpreis als auch den Europ\u00e4ischen Filmpreis.<\/p><hr \/><p>Die Maison de France, ein Wahrzeichen am Kurf\u00fcrstendamm, steht seit ihrer Er\u00f6ffnung im Jahr 1950 f\u00fcr den kulturellen Austausch zwischen Frankreich und Deutschland.<br \/>Mit dem gezeigten Film und der anschlie\u00dfenden Diskussion wird diesem besonderen Ort und seiner Rolle in der St\u00e4rkung der deutsch-franz\u00f6sischen Beziehungen Tribut gezollt.<\/p><p>Der Film selbst \u2013 ein Symbol der deutsch-franz\u00f6sischen Freundschaft \u2013 war am 28. September 1992 der erste Beitrag, den der Fernsehsender ARTE ausstrahlte. Auch ARTE unterst\u00fctzt diese Veranstaltung.<\/p><p>AUSVERKAUFT<\/p><\/div>\t\t\t\t\t\t\t\t<\/div>\n\t\t\t\t<\/div>\n\t\t\t\t\t<\/div>\n\t\t\t\t<\/div>\n\t\t\t\t<\/div>","protected":false},"excerpt":{"rendered":"<p>Anl\u00e4sslich des 75-j\u00e4hrigen Jubil\u00e4ums der Maison de France in Berlin hat das Institut Fran\u00e7ais Berlin in Zusammenarbeit mit dem Cin\u00e9ma Paris zu einer besonderen Filmvorf\u00fchrung eingeladen : Gezeigt wird Der Himmel \u00fcber Berlin von Wim Wenders. Im Anschluss fand ein Publikumsgespr\u00e4ch (Q&amp;A) mit dem Regisseur statt, moderiert von Annette Gerlach (Arte). Der Himmel \u00fcber Berlin [&hellip;]<\/p>","protected":false},"author":1,"featured_media":2176,"comment_status":"closed","ping_status":"closed","sticky":false,"template":"","format":"standard","meta":{"site-sidebar-layout":"default","site-content-layout":"","ast-site-content-layout":"default","site-content-style":"default","site-sidebar-style":"default","ast-global-header-display":"","ast-banner-title-visibility":"","ast-main-header-display":"","ast-hfb-above-header-display":"","ast-hfb-below-header-display":"","ast-hfb-mobile-header-display":"","site-post-title":"","ast-breadcrumbs-content":"","ast-featured-img":"","footer-sml-layout":"","ast-disable-related-posts":"","theme-transparent-header-meta":"","adv-header-id-meta":"","stick-header-meta":"","header-above-stick-meta":"","header-main-stick-meta":"","header-below-stick-meta":"","astra-migrate-meta-layouts":"set","ast-page-background-enabled":"default","ast-page-background-meta":{"desktop":{"background-color":"var(--ast-global-color-4)","background-image":"","background-repeat":"repeat","background-position":"center center","background-size":"auto","background-attachment":"scroll","background-type":"","background-media":"","overlay-type":"","overlay-color":"","overlay-opacity":"","overlay-gradient":""},"tablet":{"background-color":"","background-image":"","background-repeat":"repeat","background-position":"center center","background-size":"auto","background-attachment":"scroll","background-type":"","background-media":"","overlay-type":"","overlay-color":"","overlay-opacity":"","overlay-gradient":""},"mobile":{"background-color":"","background-image":"","background-repeat":"repeat","background-position":"center center","background-size":"auto","background-attachment":"scroll","background-type":"","background-media":"","overlay-type":"","overlay-color":"","overlay-opacity":"","overlay-gradient":""}},"ast-content-background-meta":{"desktop":{"background-color":"var(--ast-global-color-5)","background-image":"","background-repeat":"repeat","background-position":"center center","background-size":"auto","background-attachment":"scroll","background-type":"","background-media":"","overlay-type":"","overlay-color":"","overlay-opacity":"","overlay-gradient":""},"tablet":{"background-color":"var(--ast-global-color-5)","background-image":"","background-repeat":"repeat","background-position":"center center","background-size":"auto","background-attachment":"scroll","background-type":"","background-media":"","overlay-type":"","overlay-color":"","overlay-opacity":"","overlay-gradient":""},"mobile":{"background-color":"var(--ast-global-color-5)","background-image":"","background-repeat":"repeat","background-position":"center center","background-size":"auto","background-attachment":"scroll","background-type":"","background-media":"","overlay-type":"","overlay-color":"","overlay-opacity":"","overlay-gradient":""}},"footnotes":""},"categories":[7],"tags":[],"class_list":["post-2174","post","type-post","status-publish","format-standard","has-post-thumbnail","hentry","category-nachschau"],"yoast_head":"<!-- This site is optimized with the Yoast SEO plugin v27.0 - https:\/\/yoast.com\/product\/yoast-seo-wordpress\/ -->\n<title>Der Himmel \u00fcber Berlin - Q&amp;A mit Wim Wenders - 15.05.25 - Freundeskreis des MAISON DE FRANCE e.V.<\/title>\n<meta name=\"robots\" content=\"index, follow, max-snippet:-1, max-image-preview:large, max-video-preview:-1\" \/>\n<link rel=\"canonical\" href=\"https:\/\/maisondefrance.de\/fr\/der-himmel-ueber-berlin-qa-mit-wim-wenders-15-05-25\/\" \/>\n<meta property=\"og:locale\" content=\"fr_FR\" \/>\n<meta property=\"og:type\" content=\"article\" \/>\n<meta property=\"og:title\" content=\"Der Himmel \u00fcber Berlin - Q&amp;A mit Wim Wenders - 15.05.25 - Freundeskreis des MAISON DE FRANCE e.V.\" \/>\n<meta property=\"og:description\" content=\"Anl\u00e4sslich des 75-j\u00e4hrigen Jubil\u00e4ums der Maison de France in Berlin hat das Institut Fran\u00e7ais Berlin in Zusammenarbeit mit dem Cin\u00e9ma Paris zu einer besonderen Filmvorf\u00fchrung eingeladen : Gezeigt wird Der Himmel \u00fcber Berlin von Wim Wenders. Im Anschluss fand ein Publikumsgespr\u00e4ch (Q&amp;A) mit dem Regisseur statt, moderiert von Annette Gerlach (Arte). Der Himmel \u00fcber Berlin [&hellip;]\" \/>\n<meta property=\"og:url\" content=\"https:\/\/maisondefrance.de\/fr\/der-himmel-ueber-berlin-qa-mit-wim-wenders-15-05-25\/\" \/>\n<meta property=\"og:site_name\" content=\"Freundeskreis des MAISON DE FRANCE e.V.\" \/>\n<meta property=\"article:published_time\" content=\"2025-05-06T15:36:43+00:00\" \/>\n<meta property=\"article:modified_time\" content=\"2025-06-02T21:28:30+00:00\" \/>\n<meta property=\"og:image\" content=\"https:\/\/maisondefrance.de\/wp-content\/uploads\/2025\/05\/Les-ailes-du-desir-Web-2.png.webp\" \/>\n\t<meta property=\"og:image:width\" content=\"960\" \/>\n\t<meta property=\"og:image:height\" content=\"540\" \/>\n\t<meta property=\"og:image:type\" content=\"image\/webp\" \/>\n<meta name=\"author\" content=\"admin\" \/>\n<meta name=\"twitter:card\" content=\"summary_large_image\" \/>\n<meta name=\"twitter:label1\" content=\"\u00c9crit par\" \/>\n\t<meta name=\"twitter:data1\" content=\"admin\" \/>\n\t<meta name=\"twitter:label2\" content=\"Dur\u00e9e de lecture estim\u00e9e\" \/>\n\t<meta name=\"twitter:data2\" content=\"2 minutes\" \/>\n<script type=\"application\/ld+json\" class=\"yoast-schema-graph\">{\"@context\":\"https:\/\/schema.org\",\"@graph\":[{\"@type\":\"Article\",\"@id\":\"https:\/\/maisondefrance.de\/der-himmel-ueber-berlin-qa-mit-wim-wenders-15-05-25\/#article\",\"isPartOf\":{\"@id\":\"https:\/\/maisondefrance.de\/der-himmel-ueber-berlin-qa-mit-wim-wenders-15-05-25\/\"},\"author\":{\"name\":\"admin\",\"@id\":\"https:\/\/maisondefrance.de\/#\/schema\/person\/bcc6f1401d17b348a4ba77765f9b8586\"},\"headline\":\"Der Himmel \u00fcber Berlin &#8211; Q&amp;A mit Wim Wenders &#8211; 15.05.25\",\"datePublished\":\"2025-05-06T15:36:43+00:00\",\"dateModified\":\"2025-06-02T21:28:30+00:00\",\"mainEntityOfPage\":{\"@id\":\"https:\/\/maisondefrance.de\/der-himmel-ueber-berlin-qa-mit-wim-wenders-15-05-25\/\"},\"wordCount\":294,\"publisher\":{\"@id\":\"https:\/\/maisondefrance.de\/#organization\"},\"image\":{\"@id\":\"https:\/\/maisondefrance.de\/der-himmel-ueber-berlin-qa-mit-wim-wenders-15-05-25\/#primaryimage\"},\"thumbnailUrl\":\"https:\/\/maisondefrance.de\/wp-content\/uploads\/2025\/05\/Les-ailes-du-desir-Web-2.png.webp\",\"articleSection\":[\"Nachschau\"],\"inLanguage\":\"fr-FR\"},{\"@type\":\"WebPage\",\"@id\":\"https:\/\/maisondefrance.de\/der-himmel-ueber-berlin-qa-mit-wim-wenders-15-05-25\/\",\"url\":\"https:\/\/maisondefrance.de\/der-himmel-ueber-berlin-qa-mit-wim-wenders-15-05-25\/\",\"name\":\"Der Himmel \u00fcber Berlin - Q&amp;A mit Wim Wenders - 15.05.25 - Freundeskreis des MAISON DE FRANCE e.V.\",\"isPartOf\":{\"@id\":\"https:\/\/maisondefrance.de\/#website\"},\"primaryImageOfPage\":{\"@id\":\"https:\/\/maisondefrance.de\/der-himmel-ueber-berlin-qa-mit-wim-wenders-15-05-25\/#primaryimage\"},\"image\":{\"@id\":\"https:\/\/maisondefrance.de\/der-himmel-ueber-berlin-qa-mit-wim-wenders-15-05-25\/#primaryimage\"},\"thumbnailUrl\":\"https:\/\/maisondefrance.de\/wp-content\/uploads\/2025\/05\/Les-ailes-du-desir-Web-2.png.webp\",\"datePublished\":\"2025-05-06T15:36:43+00:00\",\"dateModified\":\"2025-06-02T21:28:30+00:00\",\"breadcrumb\":{\"@id\":\"https:\/\/maisondefrance.de\/der-himmel-ueber-berlin-qa-mit-wim-wenders-15-05-25\/#breadcrumb\"},\"inLanguage\":\"fr-FR\",\"potentialAction\":[{\"@type\":\"ReadAction\",\"target\":[\"https:\/\/maisondefrance.de\/der-himmel-ueber-berlin-qa-mit-wim-wenders-15-05-25\/\"]}]},{\"@type\":\"ImageObject\",\"inLanguage\":\"fr-FR\",\"@id\":\"https:\/\/maisondefrance.de\/der-himmel-ueber-berlin-qa-mit-wim-wenders-15-05-25\/#primaryimage\",\"url\":\"https:\/\/maisondefrance.de\/wp-content\/uploads\/2025\/05\/Les-ailes-du-desir-Web-2.png.webp\",\"contentUrl\":\"https:\/\/maisondefrance.de\/wp-content\/uploads\/2025\/05\/Les-ailes-du-desir-Web-2.png.webp\",\"width\":960,\"height\":540},{\"@type\":\"BreadcrumbList\",\"@id\":\"https:\/\/maisondefrance.de\/der-himmel-ueber-berlin-qa-mit-wim-wenders-15-05-25\/#breadcrumb\",\"itemListElement\":[{\"@type\":\"ListItem\",\"position\":1,\"name\":\"Startseite\",\"item\":\"https:\/\/maisondefrance.de\/\"},{\"@type\":\"ListItem\",\"position\":2,\"name\":\"Der Himmel \u00fcber Berlin &#8211; Q&amp;A mit Wim Wenders &#8211; 15.05.25\"}]},{\"@type\":\"WebSite\",\"@id\":\"https:\/\/maisondefrance.de\/#website\",\"url\":\"https:\/\/maisondefrance.de\/\",\"name\":\"Freundeskreis des MAISON DE FRANCE e.V.\",\"description\":\"Deutsch-Franz\u00f6sischer Kulturverein\",\"publisher\":{\"@id\":\"https:\/\/maisondefrance.de\/#organization\"},\"potentialAction\":[{\"@type\":\"SearchAction\",\"target\":{\"@type\":\"EntryPoint\",\"urlTemplate\":\"https:\/\/maisondefrance.de\/?s={search_term_string}\"},\"query-input\":{\"@type\":\"PropertyValueSpecification\",\"valueRequired\":true,\"valueName\":\"search_term_string\"}}],\"inLanguage\":\"fr-FR\"},{\"@type\":\"Organization\",\"@id\":\"https:\/\/maisondefrance.de\/#organization\",\"name\":\"Freundeskreis des MAISON DE FRANCE e.V.\",\"url\":\"https:\/\/maisondefrance.de\/\",\"logo\":{\"@type\":\"ImageObject\",\"inLanguage\":\"fr-FR\",\"@id\":\"https:\/\/maisondefrance.de\/#\/schema\/logo\/image\/\",\"url\":\"https:\/\/maisondefrance.de\/wp-content\/uploads\/2024\/09\/cropped-image004-2.png\",\"contentUrl\":\"https:\/\/maisondefrance.de\/wp-content\/uploads\/2024\/09\/cropped-image004-2.png\",\"width\":665,\"height\":624,\"caption\":\"Freundeskreis des MAISON DE FRANCE e.V.\"},\"image\":{\"@id\":\"https:\/\/maisondefrance.de\/#\/schema\/logo\/image\/\"}},{\"@type\":\"Person\",\"@id\":\"https:\/\/maisondefrance.de\/#\/schema\/person\/bcc6f1401d17b348a4ba77765f9b8586\",\"name\":\"admin\",\"sameAs\":[\"https:\/\/maisondefrance.de\"],\"url\":\"https:\/\/maisondefrance.de\/fr\/author\/mdfadmin1\/\"}]}<\/script>\n<!-- \/ Yoast SEO plugin. -->","yoast_head_json":{"title":"Der Himmel \u00fcber Berlin - Q&amp;A mit Wim Wenders - 15.05.25 - Freundeskreis des MAISON DE FRANCE e.V.","robots":{"index":"index","follow":"follow","max-snippet":"max-snippet:-1","max-image-preview":"max-image-preview:large","max-video-preview":"max-video-preview:-1"},"canonical":"https:\/\/maisondefrance.de\/fr\/der-himmel-ueber-berlin-qa-mit-wim-wenders-15-05-25\/","og_locale":"fr_FR","og_type":"article","og_title":"Der Himmel \u00fcber Berlin - Q&amp;A mit Wim Wenders - 15.05.25 - Freundeskreis des MAISON DE FRANCE e.V.","og_description":"Anl\u00e4sslich des 75-j\u00e4hrigen Jubil\u00e4ums der Maison de France in Berlin hat das Institut Fran\u00e7ais Berlin in Zusammenarbeit mit dem Cin\u00e9ma Paris zu einer besonderen Filmvorf\u00fchrung eingeladen : Gezeigt wird Der Himmel \u00fcber Berlin von Wim Wenders. Im Anschluss fand ein Publikumsgespr\u00e4ch (Q&amp;A) mit dem Regisseur statt, moderiert von Annette Gerlach (Arte). Der Himmel \u00fcber Berlin [&hellip;]","og_url":"https:\/\/maisondefrance.de\/fr\/der-himmel-ueber-berlin-qa-mit-wim-wenders-15-05-25\/","og_site_name":"Freundeskreis des MAISON DE FRANCE e.V.","article_published_time":"2025-05-06T15:36:43+00:00","article_modified_time":"2025-06-02T21:28:30+00:00","og_image":[{"width":960,"height":540,"url":"https:\/\/maisondefrance.de\/wp-content\/uploads\/2025\/05\/Les-ailes-du-desir-Web-2.png.webp","type":"image\/webp"}],"author":"admin","twitter_card":"summary_large_image","twitter_misc":{"\u00c9crit par":"admin","Dur\u00e9e de lecture estim\u00e9e":"2 minutes"},"schema":{"@context":"https:\/\/schema.org","@graph":[{"@type":"Article","@id":"https:\/\/maisondefrance.de\/der-himmel-ueber-berlin-qa-mit-wim-wenders-15-05-25\/#article","isPartOf":{"@id":"https:\/\/maisondefrance.de\/der-himmel-ueber-berlin-qa-mit-wim-wenders-15-05-25\/"},"author":{"name":"admin","@id":"https:\/\/maisondefrance.de\/#\/schema\/person\/bcc6f1401d17b348a4ba77765f9b8586"},"headline":"Der Himmel \u00fcber Berlin &#8211; Q&amp;A mit Wim Wenders &#8211; 15.05.25","datePublished":"2025-05-06T15:36:43+00:00","dateModified":"2025-06-02T21:28:30+00:00","mainEntityOfPage":{"@id":"https:\/\/maisondefrance.de\/der-himmel-ueber-berlin-qa-mit-wim-wenders-15-05-25\/"},"wordCount":294,"publisher":{"@id":"https:\/\/maisondefrance.de\/#organization"},"image":{"@id":"https:\/\/maisondefrance.de\/der-himmel-ueber-berlin-qa-mit-wim-wenders-15-05-25\/#primaryimage"},"thumbnailUrl":"https:\/\/maisondefrance.de\/wp-content\/uploads\/2025\/05\/Les-ailes-du-desir-Web-2.png.webp","articleSection":["Nachschau"],"inLanguage":"fr-FR"},{"@type":"WebPage","@id":"https:\/\/maisondefrance.de\/der-himmel-ueber-berlin-qa-mit-wim-wenders-15-05-25\/","url":"https:\/\/maisondefrance.de\/der-himmel-ueber-berlin-qa-mit-wim-wenders-15-05-25\/","name":"Der Himmel \u00fcber Berlin - Q&amp;A mit Wim Wenders - 15.05.25 - Freundeskreis des MAISON DE FRANCE e.V.","isPartOf":{"@id":"https:\/\/maisondefrance.de\/#website"},"primaryImageOfPage":{"@id":"https:\/\/maisondefrance.de\/der-himmel-ueber-berlin-qa-mit-wim-wenders-15-05-25\/#primaryimage"},"image":{"@id":"https:\/\/maisondefrance.de\/der-himmel-ueber-berlin-qa-mit-wim-wenders-15-05-25\/#primaryimage"},"thumbnailUrl":"https:\/\/maisondefrance.de\/wp-content\/uploads\/2025\/05\/Les-ailes-du-desir-Web-2.png.webp","datePublished":"2025-05-06T15:36:43+00:00","dateModified":"2025-06-02T21:28:30+00:00","breadcrumb":{"@id":"https:\/\/maisondefrance.de\/der-himmel-ueber-berlin-qa-mit-wim-wenders-15-05-25\/#breadcrumb"},"inLanguage":"fr-FR","potentialAction":[{"@type":"ReadAction","target":["https:\/\/maisondefrance.de\/der-himmel-ueber-berlin-qa-mit-wim-wenders-15-05-25\/"]}]},{"@type":"ImageObject","inLanguage":"fr-FR","@id":"https:\/\/maisondefrance.de\/der-himmel-ueber-berlin-qa-mit-wim-wenders-15-05-25\/#primaryimage","url":"https:\/\/maisondefrance.de\/wp-content\/uploads\/2025\/05\/Les-ailes-du-desir-Web-2.png.webp","contentUrl":"https:\/\/maisondefrance.de\/wp-content\/uploads\/2025\/05\/Les-ailes-du-desir-Web-2.png.webp","width":960,"height":540},{"@type":"BreadcrumbList","@id":"https:\/\/maisondefrance.de\/der-himmel-ueber-berlin-qa-mit-wim-wenders-15-05-25\/#breadcrumb","itemListElement":[{"@type":"ListItem","position":1,"name":"Startseite","item":"https:\/\/maisondefrance.de\/"},{"@type":"ListItem","position":2,"name":"Der Himmel \u00fcber Berlin &#8211; Q&amp;A mit Wim Wenders &#8211; 15.05.25"}]},{"@type":"WebSite","@id":"https:\/\/maisondefrance.de\/#website","url":"https:\/\/maisondefrance.de\/","name":"Freundeskreis des MAISON DE FRANCE e.V.","description":"Deutsch-Franz\u00f6sischer Kulturverein","publisher":{"@id":"https:\/\/maisondefrance.de\/#organization"},"potentialAction":[{"@type":"SearchAction","target":{"@type":"EntryPoint","urlTemplate":"https:\/\/maisondefrance.de\/?s={search_term_string}"},"query-input":{"@type":"PropertyValueSpecification","valueRequired":true,"valueName":"search_term_string"}}],"inLanguage":"fr-FR"},{"@type":"Organization","@id":"https:\/\/maisondefrance.de\/#organization","name":"Freundeskreis des MAISON DE FRANCE e.V.","url":"https:\/\/maisondefrance.de\/","logo":{"@type":"ImageObject","inLanguage":"fr-FR","@id":"https:\/\/maisondefrance.de\/#\/schema\/logo\/image\/","url":"https:\/\/maisondefrance.de\/wp-content\/uploads\/2024\/09\/cropped-image004-2.png","contentUrl":"https:\/\/maisondefrance.de\/wp-content\/uploads\/2024\/09\/cropped-image004-2.png","width":665,"height":624,"caption":"Freundeskreis des MAISON DE FRANCE e.V."},"image":{"@id":"https:\/\/maisondefrance.de\/#\/schema\/logo\/image\/"}},{"@type":"Person","@id":"https:\/\/maisondefrance.de\/#\/schema\/person\/bcc6f1401d17b348a4ba77765f9b8586","name":"admin","sameAs":["https:\/\/maisondefrance.de"],"url":"https:\/\/maisondefrance.de\/fr\/author\/mdfadmin1\/"}]}},"_links":{"self":[{"href":"https:\/\/maisondefrance.de\/fr\/wp-json\/wp\/v2\/posts\/2174","targetHints":{"allow":["GET"]}}],"collection":[{"href":"https:\/\/maisondefrance.de\/fr\/wp-json\/wp\/v2\/posts"}],"about":[{"href":"https:\/\/maisondefrance.de\/fr\/wp-json\/wp\/v2\/types\/post"}],"author":[{"embeddable":true,"href":"https:\/\/maisondefrance.de\/fr\/wp-json\/wp\/v2\/users\/1"}],"replies":[{"embeddable":true,"href":"https:\/\/maisondefrance.de\/fr\/wp-json\/wp\/v2\/comments?post=2174"}],"version-history":[{"count":7,"href":"https:\/\/maisondefrance.de\/fr\/wp-json\/wp\/v2\/posts\/2174\/revisions"}],"predecessor-version":[{"id":2195,"href":"https:\/\/maisondefrance.de\/fr\/wp-json\/wp\/v2\/posts\/2174\/revisions\/2195"}],"wp:featuredmedia":[{"embeddable":true,"href":"https:\/\/maisondefrance.de\/fr\/wp-json\/wp\/v2\/media\/2176"}],"wp:attachment":[{"href":"https:\/\/maisondefrance.de\/fr\/wp-json\/wp\/v2\/media?parent=2174"}],"wp:term":[{"taxonomy":"category","embeddable":true,"href":"https:\/\/maisondefrance.de\/fr\/wp-json\/wp\/v2\/categories?post=2174"},{"taxonomy":"post_tag","embeddable":true,"href":"https:\/\/maisondefrance.de\/fr\/wp-json\/wp\/v2\/tags?post=2174"}],"curies":[{"name":"wp","href":"https:\/\/api.w.org\/{rel}","templated":true}]}}