{"id":2206,"date":"2025-07-03T10:38:41","date_gmt":"2025-07-03T10:38:41","guid":{"rendered":"https:\/\/maisondefrance.de\/?p=2206"},"modified":"2025-07-15T14:06:05","modified_gmt":"2025-07-15T14:06:05","slug":"lesung-radatouille-am-09-07-25","status":"publish","type":"post","link":"https:\/\/maisondefrance.de\/fr\/lesung-radatouille-am-09-07-25\/","title":{"rendered":"Lecture Radatouille le 09.07.25"},"content":{"rendered":"<div data-elementor-type=\"wp-post\" data-elementor-id=\"2206\" class=\"elementor elementor-2206\" data-elementor-post-type=\"post\">\n\t\t\t\t<div class=\"elementor-element elementor-element-e8258a8 e-flex e-con-boxed e-con e-parent\" data-id=\"e8258a8\" data-element_type=\"container\">\n\t\t\t\t\t<div class=\"e-con-inner\">\n\t\t\t\t<div class=\"elementor-element elementor-element-b27df9c elementor-widget elementor-widget-heading\" data-id=\"b27df9c\" data-element_type=\"widget\" data-widget_type=\"heading.default\">\n\t\t\t\t<div class=\"elementor-widget-container\">\n\t\t\t\t\t<h2 class=\"elementor-heading-title elementor-size-default\">Lesung Radatouille am 09. Juli 2025<\/h2>\t\t\t\t<\/div>\n\t\t\t\t<\/div>\n\t\t\t\t\t<\/div>\n\t\t\t\t<\/div>\n\t\t<div class=\"elementor-element elementor-element-6d6564a e-flex e-con-boxed e-con e-parent\" data-id=\"6d6564a\" data-element_type=\"container\">\n\t\t\t\t\t<div class=\"e-con-inner\">\n\t\t\t\t<div class=\"elementor-element elementor-element-636d0ce elementor-widget__width-initial elementor-widget elementor-widget-image\" data-id=\"636d0ce\" data-element_type=\"widget\" data-widget_type=\"image.default\">\n\t\t\t\t<div class=\"elementor-widget-container\">\n\t\t\t\t\t\t\t\t\t\t\t\t<figure class=\"wp-caption\">\n\t\t\t\t\t\t\t\t\t\t<img fetchpriority=\"high\" decoding=\"async\" width=\"620\" height=\"1024\" src=\"https:\/\/maisondefrance.de\/wp-content\/uploads\/2025\/07\/Plakat-Radtatouille-620x1024.jpg\" class=\"attachment-large size-large wp-image-2207\" alt=\"\" srcset=\"https:\/\/maisondefrance.de\/wp-content\/uploads\/2025\/07\/Plakat-Radtatouille-620x1024.jpg 620w, https:\/\/maisondefrance.de\/wp-content\/uploads\/2025\/07\/Plakat-Radtatouille-182x300.jpg 182w, https:\/\/maisondefrance.de\/wp-content\/uploads\/2025\/07\/Plakat-Radtatouille-768x1269.jpg 768w, https:\/\/maisondefrance.de\/wp-content\/uploads\/2025\/07\/Plakat-Radtatouille-930x1536.jpg 930w, https:\/\/maisondefrance.de\/wp-content\/uploads\/2025\/07\/Plakat-Radtatouille-1240x2048.jpg 1240w, https:\/\/maisondefrance.de\/wp-content\/uploads\/2025\/07\/Plakat-Radtatouille-7x12.jpg 7w, https:\/\/maisondefrance.de\/wp-content\/uploads\/2025\/07\/Plakat-Radtatouille.jpg 1403w\" sizes=\"(max-width: 620px) 100vw, 620px\" \/>\t\t\t\t\t\t\t\t\t\t\t<figcaption class=\"widget-image-caption wp-caption-text\"><\/figcaption>\n\t\t\t\t\t\t\t\t\t\t<\/figure>\n\t\t\t\t\t\t\t\t\t<\/div>\n\t\t\t\t<\/div>\n\t\t\t\t\t<\/div>\n\t\t\t\t<\/div>\n\t\t<div class=\"elementor-element elementor-element-afe7aec e-flex e-con-boxed e-con e-parent\" data-id=\"afe7aec\" data-element_type=\"container\">\n\t\t\t\t\t<div class=\"e-con-inner\">\n\t\t\t\t<div class=\"elementor-element elementor-element-1915784 elementor-widget elementor-widget-text-editor\" data-id=\"1915784\" data-element_type=\"widget\" data-widget_type=\"text-editor.default\">\n\t\t\t\t<div class=\"elementor-widget-container\">\n\t\t\t\t\t\t\t\t\t<p>Am Mittwoch, den 9. Juli 2025, las der deutsch-franz\u00f6sische Journalist <strong>Jean-Marie Magro<\/strong> im Dorint Hotel Kurf\u00fcrstendamm aus seinem neuen Buch \u201e<strong>Radatouille<\/strong>\u201c vor.<\/p><p>P\u00fcnktlich zum Auftakt der diesj\u00e4hrigen Tour de France entf\u00fchrte er die zahlreichen Zuh\u00f6rern auf eine Reise durch unser charmantes Nachbarland, das er letztes Jahr auf dem Sattel seines Rennrades erkundet hatte. Seine vielf\u00e4ltigen Eindr\u00fccke und Kenntnisse \u00fcber Land und Leute hat er in einem fesselnd geschriebenen Bericht verarbeitet, der auch Frankreichkennern neue Perspektiven er\u00f6ffnet. Nach einigen vorgelesenen Passagen aus dem Buch entwickelte sich eine lebhafte Diskussion, bevor die Runde zusammen mit dem Autor mit einem Glas Wein auf eine gelungene Veranstaltung anstie\u00df.<\/p><p>Gedankt sei unserem Vorstandsmitglied Carsten Colmorgen, der dem Verein einen sch\u00f6nen Raum im Hotel Dorint f\u00fcr diese Veranstaltung zur Verf\u00fcgung stellte.<\/p><p>\u00a0<\/p><p>\u00a0<\/p><p>\u00a0<\/p>\t\t\t\t\t\t\t\t<\/div>\n\t\t\t\t<\/div>\n\t\t\t\t\t<\/div>\n\t\t\t\t<\/div>\n\t\t<div class=\"elementor-element elementor-element-910d68b e-flex e-con-boxed e-con e-parent\" data-id=\"910d68b\" data-element_type=\"container\">\n\t\t\t\t\t<div class=\"e-con-inner\">\n\t\t\t\t<div class=\"elementor-element elementor-element-9e132ef elementor-widget elementor-widget-image\" data-id=\"9e132ef\" data-element_type=\"widget\" data-widget_type=\"image.default\">\n\t\t\t\t<div class=\"elementor-widget-container\">\n\t\t\t\t\t\t\t\t\t\t\t\t\t\t\t<img decoding=\"async\" width=\"640\" height=\"480\" src=\"https:\/\/maisondefrance.de\/wp-content\/uploads\/2025\/07\/IMG_4133-rotated.jpg\" class=\"attachment-large size-large wp-image-2249\" alt=\"\" srcset=\"https:\/\/maisondefrance.de\/wp-content\/uploads\/2025\/07\/IMG_4133-rotated.jpg 640w, https:\/\/maisondefrance.de\/wp-content\/uploads\/2025\/07\/IMG_4133-300x225.jpg 300w, https:\/\/maisondefrance.de\/wp-content\/uploads\/2025\/07\/IMG_4133-16x12.jpg 16w\" sizes=\"(max-width: 640px) 100vw, 640px\" \/>\t\t\t\t\t\t\t\t\t\t\t\t\t\t\t<\/div>\n\t\t\t\t<\/div>\n\t\t\t\t\t<\/div>\n\t\t\t\t<\/div>\n\t\t<div class=\"elementor-element elementor-element-f6739a8 e-flex e-con-boxed e-con e-parent\" data-id=\"f6739a8\" data-element_type=\"container\">\n\t\t\t\t\t<div class=\"e-con-inner\">\n\t\t\t\t<div class=\"elementor-element elementor-element-4664c40 elementor-widget elementor-widget-image\" data-id=\"4664c40\" data-element_type=\"widget\" data-widget_type=\"image.default\">\n\t\t\t\t<div class=\"elementor-widget-container\">\n\t\t\t\t\t\t\t\t\t\t\t\t\t\t\t<img decoding=\"async\" width=\"640\" height=\"480\" src=\"https:\/\/maisondefrance.de\/wp-content\/uploads\/2025\/07\/IMG_4137-rotated.jpg\" class=\"attachment-large size-large wp-image-2250\" alt=\"\" srcset=\"https:\/\/maisondefrance.de\/wp-content\/uploads\/2025\/07\/IMG_4137-rotated.jpg 640w, https:\/\/maisondefrance.de\/wp-content\/uploads\/2025\/07\/IMG_4137-300x225.jpg 300w, https:\/\/maisondefrance.de\/wp-content\/uploads\/2025\/07\/IMG_4137-16x12.jpg 16w\" sizes=\"(max-width: 640px) 100vw, 640px\" \/>\t\t\t\t\t\t\t\t\t\t\t\t\t\t\t<\/div>\n\t\t\t\t<\/div>\n\t\t\t\t\t<\/div>\n\t\t\t\t<\/div>\n\t\t\t\t<\/div>","protected":false},"excerpt":{"rendered":"<p>Lesung Radatouille am 09. Juli 2025 Am Mittwoch, den 9. Juli 2025, las der deutsch-franz\u00f6sische Journalist Jean-Marie Magro im Dorint Hotel Kurf\u00fcrstendamm aus seinem neuen Buch \u201eRadatouille\u201c vor. P\u00fcnktlich zum Auftakt der diesj\u00e4hrigen Tour de France entf\u00fchrte er die zahlreichen Zuh\u00f6rern auf eine Reise durch unser charmantes Nachbarland, das er letztes Jahr auf dem Sattel [&hellip;]<\/p>","protected":false},"author":1,"featured_media":2207,"comment_status":"closed","ping_status":"closed","sticky":false,"template":"elementor_header_footer","format":"standard","meta":{"site-sidebar-layout":"default","site-content-layout":"","ast-site-content-layout":"default","site-content-style":"default","site-sidebar-style":"default","ast-global-header-display":"","ast-banner-title-visibility":"","ast-main-header-display":"","ast-hfb-above-header-display":"","ast-hfb-below-header-display":"","ast-hfb-mobile-header-display":"","site-post-title":"","ast-breadcrumbs-content":"","ast-featured-img":"","footer-sml-layout":"","ast-disable-related-posts":"","theme-transparent-header-meta":"","adv-header-id-meta":"","stick-header-meta":"","header-above-stick-meta":"","header-main-stick-meta":"","header-below-stick-meta":"","astra-migrate-meta-layouts":"set","ast-page-background-enabled":"default","ast-page-background-meta":{"desktop":{"background-color":"var(--ast-global-color-4)","background-image":"","background-repeat":"repeat","background-position":"center center","background-size":"auto","background-attachment":"scroll","background-type":"","background-media":"","overlay-type":"","overlay-color":"","overlay-opacity":"","overlay-gradient":""},"tablet":{"background-color":"","background-image":"","background-repeat":"repeat","background-position":"center center","background-size":"auto","background-attachment":"scroll","background-type":"","background-media":"","overlay-type":"","overlay-color":"","overlay-opacity":"","overlay-gradient":""},"mobile":{"background-color":"","background-image":"","background-repeat":"repeat","background-position":"center center","background-size":"auto","background-attachment":"scroll","background-type":"","background-media":"","overlay-type":"","overlay-color":"","overlay-opacity":"","overlay-gradient":""}},"ast-content-background-meta":{"desktop":{"background-color":"var(--ast-global-color-5)","background-image":"","background-repeat":"repeat","background-position":"center center","background-size":"auto","background-attachment":"scroll","background-type":"","background-media":"","overlay-type":"","overlay-color":"","overlay-opacity":"","overlay-gradient":""},"tablet":{"background-color":"var(--ast-global-color-5)","background-image":"","background-repeat":"repeat","background-position":"center center","background-size":"auto","background-attachment":"scroll","background-type":"","background-media":"","overlay-type":"","overlay-color":"","overlay-opacity":"","overlay-gradient":""},"mobile":{"background-color":"var(--ast-global-color-5)","background-image":"","background-repeat":"repeat","background-position":"center center","background-size":"auto","background-attachment":"scroll","background-type":"","background-media":"","overlay-type":"","overlay-color":"","overlay-opacity":"","overlay-gradient":""}},"footnotes":""},"categories":[7],"tags":[],"class_list":["post-2206","post","type-post","status-publish","format-standard","has-post-thumbnail","hentry","category-nachschau"],"yoast_head":"<!-- This site is optimized with the Yoast SEO plugin v27.0 - https:\/\/yoast.com\/product\/yoast-seo-wordpress\/ -->\n<title>Lesung Radatouille am 09.07.25 - Freundeskreis des MAISON DE FRANCE e.V.<\/title>\n<meta name=\"robots\" content=\"index, follow, max-snippet:-1, max-image-preview:large, max-video-preview:-1\" \/>\n<link rel=\"canonical\" href=\"https:\/\/maisondefrance.de\/fr\/lesung-radatouille-am-09-07-25\/\" \/>\n<meta property=\"og:locale\" content=\"fr_FR\" \/>\n<meta property=\"og:type\" content=\"article\" \/>\n<meta property=\"og:title\" content=\"Lesung Radatouille am 09.07.25 - Freundeskreis des MAISON DE FRANCE e.V.\" \/>\n<meta property=\"og:description\" content=\"Lesung Radatouille am 09. Juli 2025 Am Mittwoch, den 9. Juli 2025, las der deutsch-franz\u00f6sische Journalist Jean-Marie Magro im Dorint Hotel Kurf\u00fcrstendamm aus seinem neuen Buch \u201eRadatouille\u201c vor. P\u00fcnktlich zum Auftakt der diesj\u00e4hrigen Tour de France entf\u00fchrte er die zahlreichen Zuh\u00f6rern auf eine Reise durch unser charmantes Nachbarland, das er letztes Jahr auf dem Sattel [&hellip;]\" \/>\n<meta property=\"og:url\" content=\"https:\/\/maisondefrance.de\/fr\/lesung-radatouille-am-09-07-25\/\" \/>\n<meta property=\"og:site_name\" content=\"Freundeskreis des MAISON DE FRANCE e.V.\" \/>\n<meta property=\"article:published_time\" content=\"2025-07-03T10:38:41+00:00\" \/>\n<meta property=\"article:modified_time\" content=\"2025-07-15T14:06:05+00:00\" \/>\n<meta property=\"og:image\" content=\"https:\/\/maisondefrance.de\/wp-content\/uploads\/2025\/07\/Plakat-Radtatouille.jpg\" \/>\n\t<meta property=\"og:image:width\" content=\"1403\" \/>\n\t<meta property=\"og:image:height\" content=\"2318\" \/>\n\t<meta property=\"og:image:type\" content=\"image\/jpeg\" \/>\n<meta name=\"author\" content=\"admin\" \/>\n<meta name=\"twitter:card\" content=\"summary_large_image\" \/>\n<meta name=\"twitter:label1\" content=\"\u00c9crit par\" \/>\n\t<meta name=\"twitter:data1\" content=\"admin\" \/>\n\t<meta name=\"twitter:label2\" content=\"Dur\u00e9e de lecture estim\u00e9e\" \/>\n\t<meta name=\"twitter:data2\" content=\"2 minutes\" \/>\n<script type=\"application\/ld+json\" class=\"yoast-schema-graph\">{\"@context\":\"https:\/\/schema.org\",\"@graph\":[{\"@type\":\"Article\",\"@id\":\"https:\/\/maisondefrance.de\/lesung-radatouille-am-09-07-25\/#article\",\"isPartOf\":{\"@id\":\"https:\/\/maisondefrance.de\/lesung-radatouille-am-09-07-25\/\"},\"author\":{\"name\":\"admin\",\"@id\":\"https:\/\/maisondefrance.de\/#\/schema\/person\/bcc6f1401d17b348a4ba77765f9b8586\"},\"headline\":\"Lesung Radatouille am 09.07.25\",\"datePublished\":\"2025-07-03T10:38:41+00:00\",\"dateModified\":\"2025-07-15T14:06:05+00:00\",\"mainEntityOfPage\":{\"@id\":\"https:\/\/maisondefrance.de\/lesung-radatouille-am-09-07-25\/\"},\"wordCount\":142,\"publisher\":{\"@id\":\"https:\/\/maisondefrance.de\/#organization\"},\"image\":{\"@id\":\"https:\/\/maisondefrance.de\/lesung-radatouille-am-09-07-25\/#primaryimage\"},\"thumbnailUrl\":\"https:\/\/maisondefrance.de\/wp-content\/uploads\/2025\/07\/Plakat-Radtatouille.jpg\",\"articleSection\":[\"Nachschau\"],\"inLanguage\":\"fr-FR\"},{\"@type\":\"WebPage\",\"@id\":\"https:\/\/maisondefrance.de\/lesung-radatouille-am-09-07-25\/\",\"url\":\"https:\/\/maisondefrance.de\/lesung-radatouille-am-09-07-25\/\",\"name\":\"Lesung Radatouille am 09.07.25 - Freundeskreis des MAISON DE FRANCE e.V.\",\"isPartOf\":{\"@id\":\"https:\/\/maisondefrance.de\/#website\"},\"primaryImageOfPage\":{\"@id\":\"https:\/\/maisondefrance.de\/lesung-radatouille-am-09-07-25\/#primaryimage\"},\"image\":{\"@id\":\"https:\/\/maisondefrance.de\/lesung-radatouille-am-09-07-25\/#primaryimage\"},\"thumbnailUrl\":\"https:\/\/maisondefrance.de\/wp-content\/uploads\/2025\/07\/Plakat-Radtatouille.jpg\",\"datePublished\":\"2025-07-03T10:38:41+00:00\",\"dateModified\":\"2025-07-15T14:06:05+00:00\",\"breadcrumb\":{\"@id\":\"https:\/\/maisondefrance.de\/lesung-radatouille-am-09-07-25\/#breadcrumb\"},\"inLanguage\":\"fr-FR\",\"potentialAction\":[{\"@type\":\"ReadAction\",\"target\":[\"https:\/\/maisondefrance.de\/lesung-radatouille-am-09-07-25\/\"]}]},{\"@type\":\"ImageObject\",\"inLanguage\":\"fr-FR\",\"@id\":\"https:\/\/maisondefrance.de\/lesung-radatouille-am-09-07-25\/#primaryimage\",\"url\":\"https:\/\/maisondefrance.de\/wp-content\/uploads\/2025\/07\/Plakat-Radtatouille.jpg\",\"contentUrl\":\"https:\/\/maisondefrance.de\/wp-content\/uploads\/2025\/07\/Plakat-Radtatouille.jpg\",\"width\":1403,\"height\":2318},{\"@type\":\"BreadcrumbList\",\"@id\":\"https:\/\/maisondefrance.de\/lesung-radatouille-am-09-07-25\/#breadcrumb\",\"itemListElement\":[{\"@type\":\"ListItem\",\"position\":1,\"name\":\"Startseite\",\"item\":\"https:\/\/maisondefrance.de\/\"},{\"@type\":\"ListItem\",\"position\":2,\"name\":\"Lesung Radatouille am 09.07.25\"}]},{\"@type\":\"WebSite\",\"@id\":\"https:\/\/maisondefrance.de\/#website\",\"url\":\"https:\/\/maisondefrance.de\/\",\"name\":\"Freundeskreis des MAISON DE FRANCE e.V.\",\"description\":\"Deutsch-Franz\u00f6sischer Kulturverein\",\"publisher\":{\"@id\":\"https:\/\/maisondefrance.de\/#organization\"},\"potentialAction\":[{\"@type\":\"SearchAction\",\"target\":{\"@type\":\"EntryPoint\",\"urlTemplate\":\"https:\/\/maisondefrance.de\/?s={search_term_string}\"},\"query-input\":{\"@type\":\"PropertyValueSpecification\",\"valueRequired\":true,\"valueName\":\"search_term_string\"}}],\"inLanguage\":\"fr-FR\"},{\"@type\":\"Organization\",\"@id\":\"https:\/\/maisondefrance.de\/#organization\",\"name\":\"Freundeskreis des MAISON DE FRANCE e.V.\",\"url\":\"https:\/\/maisondefrance.de\/\",\"logo\":{\"@type\":\"ImageObject\",\"inLanguage\":\"fr-FR\",\"@id\":\"https:\/\/maisondefrance.de\/#\/schema\/logo\/image\/\",\"url\":\"https:\/\/maisondefrance.de\/wp-content\/uploads\/2024\/09\/cropped-image004-2.png\",\"contentUrl\":\"https:\/\/maisondefrance.de\/wp-content\/uploads\/2024\/09\/cropped-image004-2.png\",\"width\":665,\"height\":624,\"caption\":\"Freundeskreis des MAISON DE FRANCE e.V.\"},\"image\":{\"@id\":\"https:\/\/maisondefrance.de\/#\/schema\/logo\/image\/\"}},{\"@type\":\"Person\",\"@id\":\"https:\/\/maisondefrance.de\/#\/schema\/person\/bcc6f1401d17b348a4ba77765f9b8586\",\"name\":\"admin\",\"sameAs\":[\"https:\/\/maisondefrance.de\"],\"url\":\"https:\/\/maisondefrance.de\/fr\/author\/mdfadmin1\/\"}]}<\/script>\n<!-- \/ Yoast SEO plugin. -->","yoast_head_json":{"title":"Lesung Radatouille am 09.07.25 - Freundeskreis des MAISON DE FRANCE e.V.","robots":{"index":"index","follow":"follow","max-snippet":"max-snippet:-1","max-image-preview":"max-image-preview:large","max-video-preview":"max-video-preview:-1"},"canonical":"https:\/\/maisondefrance.de\/fr\/lesung-radatouille-am-09-07-25\/","og_locale":"fr_FR","og_type":"article","og_title":"Lesung Radatouille am 09.07.25 - Freundeskreis des MAISON DE FRANCE e.V.","og_description":"Lesung Radatouille am 09. Juli 2025 Am Mittwoch, den 9. Juli 2025, las der deutsch-franz\u00f6sische Journalist Jean-Marie Magro im Dorint Hotel Kurf\u00fcrstendamm aus seinem neuen Buch \u201eRadatouille\u201c vor. P\u00fcnktlich zum Auftakt der diesj\u00e4hrigen Tour de France entf\u00fchrte er die zahlreichen Zuh\u00f6rern auf eine Reise durch unser charmantes Nachbarland, das er letztes Jahr auf dem Sattel [&hellip;]","og_url":"https:\/\/maisondefrance.de\/fr\/lesung-radatouille-am-09-07-25\/","og_site_name":"Freundeskreis des MAISON DE FRANCE e.V.","article_published_time":"2025-07-03T10:38:41+00:00","article_modified_time":"2025-07-15T14:06:05+00:00","og_image":[{"width":1403,"height":2318,"url":"https:\/\/maisondefrance.de\/wp-content\/uploads\/2025\/07\/Plakat-Radtatouille.jpg","type":"image\/jpeg"}],"author":"admin","twitter_card":"summary_large_image","twitter_misc":{"\u00c9crit par":"admin","Dur\u00e9e de lecture estim\u00e9e":"2 minutes"},"schema":{"@context":"https:\/\/schema.org","@graph":[{"@type":"Article","@id":"https:\/\/maisondefrance.de\/lesung-radatouille-am-09-07-25\/#article","isPartOf":{"@id":"https:\/\/maisondefrance.de\/lesung-radatouille-am-09-07-25\/"},"author":{"name":"admin","@id":"https:\/\/maisondefrance.de\/#\/schema\/person\/bcc6f1401d17b348a4ba77765f9b8586"},"headline":"Lesung Radatouille am 09.07.25","datePublished":"2025-07-03T10:38:41+00:00","dateModified":"2025-07-15T14:06:05+00:00","mainEntityOfPage":{"@id":"https:\/\/maisondefrance.de\/lesung-radatouille-am-09-07-25\/"},"wordCount":142,"publisher":{"@id":"https:\/\/maisondefrance.de\/#organization"},"image":{"@id":"https:\/\/maisondefrance.de\/lesung-radatouille-am-09-07-25\/#primaryimage"},"thumbnailUrl":"https:\/\/maisondefrance.de\/wp-content\/uploads\/2025\/07\/Plakat-Radtatouille.jpg","articleSection":["Nachschau"],"inLanguage":"fr-FR"},{"@type":"WebPage","@id":"https:\/\/maisondefrance.de\/lesung-radatouille-am-09-07-25\/","url":"https:\/\/maisondefrance.de\/lesung-radatouille-am-09-07-25\/","name":"Lesung Radatouille am 09.07.25 - Freundeskreis des MAISON DE FRANCE e.V.","isPartOf":{"@id":"https:\/\/maisondefrance.de\/#website"},"primaryImageOfPage":{"@id":"https:\/\/maisondefrance.de\/lesung-radatouille-am-09-07-25\/#primaryimage"},"image":{"@id":"https:\/\/maisondefrance.de\/lesung-radatouille-am-09-07-25\/#primaryimage"},"thumbnailUrl":"https:\/\/maisondefrance.de\/wp-content\/uploads\/2025\/07\/Plakat-Radtatouille.jpg","datePublished":"2025-07-03T10:38:41+00:00","dateModified":"2025-07-15T14:06:05+00:00","breadcrumb":{"@id":"https:\/\/maisondefrance.de\/lesung-radatouille-am-09-07-25\/#breadcrumb"},"inLanguage":"fr-FR","potentialAction":[{"@type":"ReadAction","target":["https:\/\/maisondefrance.de\/lesung-radatouille-am-09-07-25\/"]}]},{"@type":"ImageObject","inLanguage":"fr-FR","@id":"https:\/\/maisondefrance.de\/lesung-radatouille-am-09-07-25\/#primaryimage","url":"https:\/\/maisondefrance.de\/wp-content\/uploads\/2025\/07\/Plakat-Radtatouille.jpg","contentUrl":"https:\/\/maisondefrance.de\/wp-content\/uploads\/2025\/07\/Plakat-Radtatouille.jpg","width":1403,"height":2318},{"@type":"BreadcrumbList","@id":"https:\/\/maisondefrance.de\/lesung-radatouille-am-09-07-25\/#breadcrumb","itemListElement":[{"@type":"ListItem","position":1,"name":"Startseite","item":"https:\/\/maisondefrance.de\/"},{"@type":"ListItem","position":2,"name":"Lesung Radatouille am 09.07.25"}]},{"@type":"WebSite","@id":"https:\/\/maisondefrance.de\/#website","url":"https:\/\/maisondefrance.de\/","name":"Freundeskreis des MAISON DE FRANCE e.V.","description":"Deutsch-Franz\u00f6sischer Kulturverein","publisher":{"@id":"https:\/\/maisondefrance.de\/#organization"},"potentialAction":[{"@type":"SearchAction","target":{"@type":"EntryPoint","urlTemplate":"https:\/\/maisondefrance.de\/?s={search_term_string}"},"query-input":{"@type":"PropertyValueSpecification","valueRequired":true,"valueName":"search_term_string"}}],"inLanguage":"fr-FR"},{"@type":"Organization","@id":"https:\/\/maisondefrance.de\/#organization","name":"Freundeskreis des MAISON DE FRANCE e.V.","url":"https:\/\/maisondefrance.de\/","logo":{"@type":"ImageObject","inLanguage":"fr-FR","@id":"https:\/\/maisondefrance.de\/#\/schema\/logo\/image\/","url":"https:\/\/maisondefrance.de\/wp-content\/uploads\/2024\/09\/cropped-image004-2.png","contentUrl":"https:\/\/maisondefrance.de\/wp-content\/uploads\/2024\/09\/cropped-image004-2.png","width":665,"height":624,"caption":"Freundeskreis des MAISON DE FRANCE e.V."},"image":{"@id":"https:\/\/maisondefrance.de\/#\/schema\/logo\/image\/"}},{"@type":"Person","@id":"https:\/\/maisondefrance.de\/#\/schema\/person\/bcc6f1401d17b348a4ba77765f9b8586","name":"admin","sameAs":["https:\/\/maisondefrance.de"],"url":"https:\/\/maisondefrance.de\/fr\/author\/mdfadmin1\/"}]}},"_links":{"self":[{"href":"https:\/\/maisondefrance.de\/fr\/wp-json\/wp\/v2\/posts\/2206","targetHints":{"allow":["GET"]}}],"collection":[{"href":"https:\/\/maisondefrance.de\/fr\/wp-json\/wp\/v2\/posts"}],"about":[{"href":"https:\/\/maisondefrance.de\/fr\/wp-json\/wp\/v2\/types\/post"}],"author":[{"embeddable":true,"href":"https:\/\/maisondefrance.de\/fr\/wp-json\/wp\/v2\/users\/1"}],"replies":[{"embeddable":true,"href":"https:\/\/maisondefrance.de\/fr\/wp-json\/wp\/v2\/comments?post=2206"}],"version-history":[{"count":10,"href":"https:\/\/maisondefrance.de\/fr\/wp-json\/wp\/v2\/posts\/2206\/revisions"}],"predecessor-version":[{"id":2259,"href":"https:\/\/maisondefrance.de\/fr\/wp-json\/wp\/v2\/posts\/2206\/revisions\/2259"}],"wp:featuredmedia":[{"embeddable":true,"href":"https:\/\/maisondefrance.de\/fr\/wp-json\/wp\/v2\/media\/2207"}],"wp:attachment":[{"href":"https:\/\/maisondefrance.de\/fr\/wp-json\/wp\/v2\/media?parent=2206"}],"wp:term":[{"taxonomy":"category","embeddable":true,"href":"https:\/\/maisondefrance.de\/fr\/wp-json\/wp\/v2\/categories?post=2206"},{"taxonomy":"post_tag","embeddable":true,"href":"https:\/\/maisondefrance.de\/fr\/wp-json\/wp\/v2\/tags?post=2206"}],"curies":[{"name":"wp","href":"https:\/\/api.w.org\/{rel}","templated":true}]}}