{"id":2276,"date":"2025-10-06T15:18:31","date_gmt":"2025-10-06T15:18:31","guid":{"rendered":"https:\/\/maisondefrance.de\/?p=2276"},"modified":"2025-11-23T19:50:51","modified_gmt":"2025-11-23T19:50:51","slug":"buecherbasar-am-10-und-11-10-25","status":"publish","type":"post","link":"https:\/\/maisondefrance.de\/fr\/buecherbasar-am-10-und-11-10-25\/","title":{"rendered":"B\u00fccherbasar les 10 et 11 octobre 25"},"content":{"rendered":"<div data-elementor-type=\"wp-post\" data-elementor-id=\"2276\" class=\"elementor elementor-2276\" data-elementor-post-type=\"post\">\n\t\t\t\t<div class=\"elementor-element elementor-element-412bfd8 e-flex e-con-boxed e-con e-parent\" data-id=\"412bfd8\" data-element_type=\"container\">\n\t\t\t\t\t<div class=\"e-con-inner\">\n\t\t\t\t<div class=\"elementor-element elementor-element-8174339 elementor-widget elementor-widget-text-editor\" data-id=\"8174339\" data-element_type=\"widget\" data-widget_type=\"text-editor.default\">\n\t\t\t\t<div class=\"elementor-widget-container\">\n\t\t\t\t\t\t\t\t\t<div class=\"x11i5rnm xat24cr x1mh8g0r x1vvkbs xtlvy1s\">\u00a0<\/div>\t\t\t\t\t\t\t\t<\/div>\n\t\t\t\t<\/div>\n\t\t\t\t\t<\/div>\n\t\t\t\t<\/div>\n\t\t<div class=\"elementor-element elementor-element-45a8b2a e-flex e-con-boxed e-con e-parent\" data-id=\"45a8b2a\" data-element_type=\"container\">\n\t\t\t\t\t<div class=\"e-con-inner\">\n\t\t\t\t<div class=\"elementor-element elementor-element-e9b64a9 elementor-widget elementor-widget-text-editor\" data-id=\"e9b64a9\" data-element_type=\"widget\" data-widget_type=\"text-editor.default\">\n\t\t\t\t<div class=\"elementor-widget-container\">\n\t\t\t\t\t\t\t\t\t<div class=\"\"><p class=\"\">Am Freitag, den <strong>10. <\/strong>und Samstag, den<strong> 11<\/strong><strong class=\"\">. Oktober<\/strong><strong>,<\/strong> nach der j\u00e4hrlichen Sortierung der verschiedenen Sammlungen und den eingegangenen Spenden, hat die Bibliothek des Institut fran\u00e7ais zahlreiche B\u00fccher (ab 2\u20ac) f\u00fcr Jugendliche und Erwachsene zum Verkauf angeboten : Romane, Krimis, Alben, Comics, Kunstb\u00fccher, u.s.w&#8230;.Im Saal Boris Vian des Institut fran\u00e7ais Berlin (4. OG)<\/p><p class=\"\">Der Freundeskreis war dabei und hat geholfen, die B\u00fccher zu sortieren und zu verkaufen.<\/p><\/div>\t\t\t\t\t\t\t\t<\/div>\n\t\t\t\t<\/div>\n\t\t\t\t\t<\/div>\n\t\t\t\t<\/div>\n\t\t\t\t<\/div>","protected":false},"excerpt":{"rendered":"<p>\u00a0 Am Freitag, den 10. und Samstag, den 11. Oktober, nach der j\u00e4hrlichen Sortierung der verschiedenen Sammlungen und den eingegangenen Spenden, hat die Bibliothek des Institut fran\u00e7ais zahlreiche B\u00fccher (ab 2\u20ac) f\u00fcr Jugendliche und Erwachsene zum Verkauf angeboten : Romane, Krimis, Alben, Comics, Kunstb\u00fccher, u.s.w&#8230;.Im Saal Boris Vian des Institut fran\u00e7ais Berlin (4. OG) Der [&hellip;]<\/p>","protected":false},"author":1,"featured_media":2004,"comment_status":"closed","ping_status":"closed","sticky":false,"template":"","format":"standard","meta":{"site-sidebar-layout":"default","site-content-layout":"","ast-site-content-layout":"default","site-content-style":"default","site-sidebar-style":"default","ast-global-header-display":"","ast-banner-title-visibility":"","ast-main-header-display":"","ast-hfb-above-header-display":"","ast-hfb-below-header-display":"","ast-hfb-mobile-header-display":"","site-post-title":"","ast-breadcrumbs-content":"","ast-featured-img":"","footer-sml-layout":"","ast-disable-related-posts":"","theme-transparent-header-meta":"","adv-header-id-meta":"","stick-header-meta":"","header-above-stick-meta":"","header-main-stick-meta":"","header-below-stick-meta":"","astra-migrate-meta-layouts":"set","ast-page-background-enabled":"default","ast-page-background-meta":{"desktop":{"background-color":"var(--ast-global-color-4)","background-image":"","background-repeat":"repeat","background-position":"center center","background-size":"auto","background-attachment":"scroll","background-type":"","background-media":"","overlay-type":"","overlay-color":"","overlay-opacity":"","overlay-gradient":""},"tablet":{"background-color":"","background-image":"","background-repeat":"repeat","background-position":"center center","background-size":"auto","background-attachment":"scroll","background-type":"","background-media":"","overlay-type":"","overlay-color":"","overlay-opacity":"","overlay-gradient":""},"mobile":{"background-color":"","background-image":"","background-repeat":"repeat","background-position":"center center","background-size":"auto","background-attachment":"scroll","background-type":"","background-media":"","overlay-type":"","overlay-color":"","overlay-opacity":"","overlay-gradient":""}},"ast-content-background-meta":{"desktop":{"background-color":"var(--ast-global-color-5)","background-image":"","background-repeat":"repeat","background-position":"center center","background-size":"auto","background-attachment":"scroll","background-type":"","background-media":"","overlay-type":"","overlay-color":"","overlay-opacity":"","overlay-gradient":""},"tablet":{"background-color":"var(--ast-global-color-5)","background-image":"","background-repeat":"repeat","background-position":"center center","background-size":"auto","background-attachment":"scroll","background-type":"","background-media":"","overlay-type":"","overlay-color":"","overlay-opacity":"","overlay-gradient":""},"mobile":{"background-color":"var(--ast-global-color-5)","background-image":"","background-repeat":"repeat","background-position":"center center","background-size":"auto","background-attachment":"scroll","background-type":"","background-media":"","overlay-type":"","overlay-color":"","overlay-opacity":"","overlay-gradient":""}},"footnotes":""},"categories":[7],"tags":[],"class_list":["post-2276","post","type-post","status-publish","format-standard","has-post-thumbnail","hentry","category-nachschau"],"yoast_head":"<!-- This site is optimized with the Yoast SEO plugin v27.0 - https:\/\/yoast.com\/product\/yoast-seo-wordpress\/ -->\n<title>B\u00fccherbasar am 10. und 11.10.25 - Freundeskreis des MAISON DE FRANCE e.V.<\/title>\n<meta name=\"robots\" content=\"index, follow, max-snippet:-1, max-image-preview:large, max-video-preview:-1\" \/>\n<link rel=\"canonical\" href=\"https:\/\/maisondefrance.de\/fr\/buecherbasar-am-10-und-11-10-25\/\" \/>\n<meta property=\"og:locale\" content=\"fr_FR\" \/>\n<meta property=\"og:type\" content=\"article\" \/>\n<meta property=\"og:title\" content=\"B\u00fccherbasar am 10. und 11.10.25 - Freundeskreis des MAISON DE FRANCE e.V.\" \/>\n<meta property=\"og:description\" content=\"\u00a0 Am Freitag, den 10. und Samstag, den 11. Oktober, nach der j\u00e4hrlichen Sortierung der verschiedenen Sammlungen und den eingegangenen Spenden, hat die Bibliothek des Institut fran\u00e7ais zahlreiche B\u00fccher (ab 2\u20ac) f\u00fcr Jugendliche und Erwachsene zum Verkauf angeboten : Romane, Krimis, Alben, Comics, Kunstb\u00fccher, u.s.w&#8230;.Im Saal Boris Vian des Institut fran\u00e7ais Berlin (4. OG) Der [&hellip;]\" \/>\n<meta property=\"og:url\" content=\"https:\/\/maisondefrance.de\/fr\/buecherbasar-am-10-und-11-10-25\/\" \/>\n<meta property=\"og:site_name\" content=\"Freundeskreis des MAISON DE FRANCE e.V.\" \/>\n<meta property=\"article:published_time\" content=\"2025-10-06T15:18:31+00:00\" \/>\n<meta property=\"article:modified_time\" content=\"2025-11-23T19:50:51+00:00\" \/>\n<meta property=\"og:image\" content=\"https:\/\/maisondefrance.de\/wp-content\/uploads\/2024\/09\/bandeau-Bucherbasar-2024-940x-copie.webp\" \/>\n\t<meta property=\"og:image:width\" content=\"960\" \/>\n\t<meta property=\"og:image:height\" content=\"540\" \/>\n\t<meta property=\"og:image:type\" content=\"image\/webp\" \/>\n<meta name=\"author\" content=\"admin\" \/>\n<meta name=\"twitter:card\" content=\"summary_large_image\" \/>\n<meta name=\"twitter:label1\" content=\"\u00c9crit par\" \/>\n\t<meta name=\"twitter:data1\" content=\"admin\" \/>\n\t<meta name=\"twitter:label2\" content=\"Dur\u00e9e de lecture estim\u00e9e\" \/>\n\t<meta name=\"twitter:data2\" content=\"1 minute\" \/>\n<script type=\"application\/ld+json\" class=\"yoast-schema-graph\">{\"@context\":\"https:\/\/schema.org\",\"@graph\":[{\"@type\":\"Article\",\"@id\":\"https:\/\/maisondefrance.de\/buecherbasar-am-10-und-11-10-25\/#article\",\"isPartOf\":{\"@id\":\"https:\/\/maisondefrance.de\/buecherbasar-am-10-und-11-10-25\/\"},\"author\":{\"name\":\"admin\",\"@id\":\"https:\/\/maisondefrance.de\/#\/schema\/person\/bcc6f1401d17b348a4ba77765f9b8586\"},\"headline\":\"B\u00fccherbasar am 10. und 11.10.25\",\"datePublished\":\"2025-10-06T15:18:31+00:00\",\"dateModified\":\"2025-11-23T19:50:51+00:00\",\"mainEntityOfPage\":{\"@id\":\"https:\/\/maisondefrance.de\/buecherbasar-am-10-und-11-10-25\/\"},\"wordCount\":76,\"publisher\":{\"@id\":\"https:\/\/maisondefrance.de\/#organization\"},\"image\":{\"@id\":\"https:\/\/maisondefrance.de\/buecherbasar-am-10-und-11-10-25\/#primaryimage\"},\"thumbnailUrl\":\"https:\/\/maisondefrance.de\/wp-content\/uploads\/2024\/09\/bandeau-Bucherbasar-2024-940x-copie.webp\",\"articleSection\":[\"Nachschau\"],\"inLanguage\":\"fr-FR\"},{\"@type\":\"WebPage\",\"@id\":\"https:\/\/maisondefrance.de\/buecherbasar-am-10-und-11-10-25\/\",\"url\":\"https:\/\/maisondefrance.de\/buecherbasar-am-10-und-11-10-25\/\",\"name\":\"B\u00fccherbasar am 10. und 11.10.25 - Freundeskreis des MAISON DE FRANCE e.V.\",\"isPartOf\":{\"@id\":\"https:\/\/maisondefrance.de\/#website\"},\"primaryImageOfPage\":{\"@id\":\"https:\/\/maisondefrance.de\/buecherbasar-am-10-und-11-10-25\/#primaryimage\"},\"image\":{\"@id\":\"https:\/\/maisondefrance.de\/buecherbasar-am-10-und-11-10-25\/#primaryimage\"},\"thumbnailUrl\":\"https:\/\/maisondefrance.de\/wp-content\/uploads\/2024\/09\/bandeau-Bucherbasar-2024-940x-copie.webp\",\"datePublished\":\"2025-10-06T15:18:31+00:00\",\"dateModified\":\"2025-11-23T19:50:51+00:00\",\"breadcrumb\":{\"@id\":\"https:\/\/maisondefrance.de\/buecherbasar-am-10-und-11-10-25\/#breadcrumb\"},\"inLanguage\":\"fr-FR\",\"potentialAction\":[{\"@type\":\"ReadAction\",\"target\":[\"https:\/\/maisondefrance.de\/buecherbasar-am-10-und-11-10-25\/\"]}]},{\"@type\":\"ImageObject\",\"inLanguage\":\"fr-FR\",\"@id\":\"https:\/\/maisondefrance.de\/buecherbasar-am-10-und-11-10-25\/#primaryimage\",\"url\":\"https:\/\/maisondefrance.de\/wp-content\/uploads\/2024\/09\/bandeau-Bucherbasar-2024-940x-copie.webp\",\"contentUrl\":\"https:\/\/maisondefrance.de\/wp-content\/uploads\/2024\/09\/bandeau-Bucherbasar-2024-940x-copie.webp\",\"width\":960,\"height\":540},{\"@type\":\"BreadcrumbList\",\"@id\":\"https:\/\/maisondefrance.de\/buecherbasar-am-10-und-11-10-25\/#breadcrumb\",\"itemListElement\":[{\"@type\":\"ListItem\",\"position\":1,\"name\":\"Startseite\",\"item\":\"https:\/\/maisondefrance.de\/\"},{\"@type\":\"ListItem\",\"position\":2,\"name\":\"B\u00fccherbasar am 10. und 11.10.25\"}]},{\"@type\":\"WebSite\",\"@id\":\"https:\/\/maisondefrance.de\/#website\",\"url\":\"https:\/\/maisondefrance.de\/\",\"name\":\"Freundeskreis des MAISON DE FRANCE e.V.\",\"description\":\"Deutsch-Franz\u00f6sischer Kulturverein\",\"publisher\":{\"@id\":\"https:\/\/maisondefrance.de\/#organization\"},\"potentialAction\":[{\"@type\":\"SearchAction\",\"target\":{\"@type\":\"EntryPoint\",\"urlTemplate\":\"https:\/\/maisondefrance.de\/?s={search_term_string}\"},\"query-input\":{\"@type\":\"PropertyValueSpecification\",\"valueRequired\":true,\"valueName\":\"search_term_string\"}}],\"inLanguage\":\"fr-FR\"},{\"@type\":\"Organization\",\"@id\":\"https:\/\/maisondefrance.de\/#organization\",\"name\":\"Freundeskreis des MAISON DE FRANCE e.V.\",\"url\":\"https:\/\/maisondefrance.de\/\",\"logo\":{\"@type\":\"ImageObject\",\"inLanguage\":\"fr-FR\",\"@id\":\"https:\/\/maisondefrance.de\/#\/schema\/logo\/image\/\",\"url\":\"https:\/\/maisondefrance.de\/wp-content\/uploads\/2024\/09\/cropped-image004-2.png\",\"contentUrl\":\"https:\/\/maisondefrance.de\/wp-content\/uploads\/2024\/09\/cropped-image004-2.png\",\"width\":665,\"height\":624,\"caption\":\"Freundeskreis des MAISON DE FRANCE e.V.\"},\"image\":{\"@id\":\"https:\/\/maisondefrance.de\/#\/schema\/logo\/image\/\"}},{\"@type\":\"Person\",\"@id\":\"https:\/\/maisondefrance.de\/#\/schema\/person\/bcc6f1401d17b348a4ba77765f9b8586\",\"name\":\"admin\",\"sameAs\":[\"https:\/\/maisondefrance.de\"],\"url\":\"https:\/\/maisondefrance.de\/fr\/author\/mdfadmin1\/\"}]}<\/script>\n<!-- \/ Yoast SEO plugin. -->","yoast_head_json":{"title":"B\u00fccherbasar am 10. und 11.10.25 - Freundeskreis des MAISON DE FRANCE e.V.","robots":{"index":"index","follow":"follow","max-snippet":"max-snippet:-1","max-image-preview":"max-image-preview:large","max-video-preview":"max-video-preview:-1"},"canonical":"https:\/\/maisondefrance.de\/fr\/buecherbasar-am-10-und-11-10-25\/","og_locale":"fr_FR","og_type":"article","og_title":"B\u00fccherbasar am 10. und 11.10.25 - Freundeskreis des MAISON DE FRANCE e.V.","og_description":"\u00a0 Am Freitag, den 10. und Samstag, den 11. Oktober, nach der j\u00e4hrlichen Sortierung der verschiedenen Sammlungen und den eingegangenen Spenden, hat die Bibliothek des Institut fran\u00e7ais zahlreiche B\u00fccher (ab 2\u20ac) f\u00fcr Jugendliche und Erwachsene zum Verkauf angeboten : Romane, Krimis, Alben, Comics, Kunstb\u00fccher, u.s.w&#8230;.Im Saal Boris Vian des Institut fran\u00e7ais Berlin (4. OG) Der [&hellip;]","og_url":"https:\/\/maisondefrance.de\/fr\/buecherbasar-am-10-und-11-10-25\/","og_site_name":"Freundeskreis des MAISON DE FRANCE e.V.","article_published_time":"2025-10-06T15:18:31+00:00","article_modified_time":"2025-11-23T19:50:51+00:00","og_image":[{"width":960,"height":540,"url":"https:\/\/maisondefrance.de\/wp-content\/uploads\/2024\/09\/bandeau-Bucherbasar-2024-940x-copie.webp","type":"image\/webp"}],"author":"admin","twitter_card":"summary_large_image","twitter_misc":{"\u00c9crit par":"admin","Dur\u00e9e de lecture estim\u00e9e":"1 minute"},"schema":{"@context":"https:\/\/schema.org","@graph":[{"@type":"Article","@id":"https:\/\/maisondefrance.de\/buecherbasar-am-10-und-11-10-25\/#article","isPartOf":{"@id":"https:\/\/maisondefrance.de\/buecherbasar-am-10-und-11-10-25\/"},"author":{"name":"admin","@id":"https:\/\/maisondefrance.de\/#\/schema\/person\/bcc6f1401d17b348a4ba77765f9b8586"},"headline":"B\u00fccherbasar am 10. und 11.10.25","datePublished":"2025-10-06T15:18:31+00:00","dateModified":"2025-11-23T19:50:51+00:00","mainEntityOfPage":{"@id":"https:\/\/maisondefrance.de\/buecherbasar-am-10-und-11-10-25\/"},"wordCount":76,"publisher":{"@id":"https:\/\/maisondefrance.de\/#organization"},"image":{"@id":"https:\/\/maisondefrance.de\/buecherbasar-am-10-und-11-10-25\/#primaryimage"},"thumbnailUrl":"https:\/\/maisondefrance.de\/wp-content\/uploads\/2024\/09\/bandeau-Bucherbasar-2024-940x-copie.webp","articleSection":["Nachschau"],"inLanguage":"fr-FR"},{"@type":"WebPage","@id":"https:\/\/maisondefrance.de\/buecherbasar-am-10-und-11-10-25\/","url":"https:\/\/maisondefrance.de\/buecherbasar-am-10-und-11-10-25\/","name":"B\u00fccherbasar am 10. und 11.10.25 - Freundeskreis des MAISON DE FRANCE e.V.","isPartOf":{"@id":"https:\/\/maisondefrance.de\/#website"},"primaryImageOfPage":{"@id":"https:\/\/maisondefrance.de\/buecherbasar-am-10-und-11-10-25\/#primaryimage"},"image":{"@id":"https:\/\/maisondefrance.de\/buecherbasar-am-10-und-11-10-25\/#primaryimage"},"thumbnailUrl":"https:\/\/maisondefrance.de\/wp-content\/uploads\/2024\/09\/bandeau-Bucherbasar-2024-940x-copie.webp","datePublished":"2025-10-06T15:18:31+00:00","dateModified":"2025-11-23T19:50:51+00:00","breadcrumb":{"@id":"https:\/\/maisondefrance.de\/buecherbasar-am-10-und-11-10-25\/#breadcrumb"},"inLanguage":"fr-FR","potentialAction":[{"@type":"ReadAction","target":["https:\/\/maisondefrance.de\/buecherbasar-am-10-und-11-10-25\/"]}]},{"@type":"ImageObject","inLanguage":"fr-FR","@id":"https:\/\/maisondefrance.de\/buecherbasar-am-10-und-11-10-25\/#primaryimage","url":"https:\/\/maisondefrance.de\/wp-content\/uploads\/2024\/09\/bandeau-Bucherbasar-2024-940x-copie.webp","contentUrl":"https:\/\/maisondefrance.de\/wp-content\/uploads\/2024\/09\/bandeau-Bucherbasar-2024-940x-copie.webp","width":960,"height":540},{"@type":"BreadcrumbList","@id":"https:\/\/maisondefrance.de\/buecherbasar-am-10-und-11-10-25\/#breadcrumb","itemListElement":[{"@type":"ListItem","position":1,"name":"Startseite","item":"https:\/\/maisondefrance.de\/"},{"@type":"ListItem","position":2,"name":"B\u00fccherbasar am 10. und 11.10.25"}]},{"@type":"WebSite","@id":"https:\/\/maisondefrance.de\/#website","url":"https:\/\/maisondefrance.de\/","name":"Freundeskreis des MAISON DE FRANCE e.V.","description":"Deutsch-Franz\u00f6sischer Kulturverein","publisher":{"@id":"https:\/\/maisondefrance.de\/#organization"},"potentialAction":[{"@type":"SearchAction","target":{"@type":"EntryPoint","urlTemplate":"https:\/\/maisondefrance.de\/?s={search_term_string}"},"query-input":{"@type":"PropertyValueSpecification","valueRequired":true,"valueName":"search_term_string"}}],"inLanguage":"fr-FR"},{"@type":"Organization","@id":"https:\/\/maisondefrance.de\/#organization","name":"Freundeskreis des MAISON DE FRANCE e.V.","url":"https:\/\/maisondefrance.de\/","logo":{"@type":"ImageObject","inLanguage":"fr-FR","@id":"https:\/\/maisondefrance.de\/#\/schema\/logo\/image\/","url":"https:\/\/maisondefrance.de\/wp-content\/uploads\/2024\/09\/cropped-image004-2.png","contentUrl":"https:\/\/maisondefrance.de\/wp-content\/uploads\/2024\/09\/cropped-image004-2.png","width":665,"height":624,"caption":"Freundeskreis des MAISON DE FRANCE e.V."},"image":{"@id":"https:\/\/maisondefrance.de\/#\/schema\/logo\/image\/"}},{"@type":"Person","@id":"https:\/\/maisondefrance.de\/#\/schema\/person\/bcc6f1401d17b348a4ba77765f9b8586","name":"admin","sameAs":["https:\/\/maisondefrance.de"],"url":"https:\/\/maisondefrance.de\/fr\/author\/mdfadmin1\/"}]}},"_links":{"self":[{"href":"https:\/\/maisondefrance.de\/fr\/wp-json\/wp\/v2\/posts\/2276","targetHints":{"allow":["GET"]}}],"collection":[{"href":"https:\/\/maisondefrance.de\/fr\/wp-json\/wp\/v2\/posts"}],"about":[{"href":"https:\/\/maisondefrance.de\/fr\/wp-json\/wp\/v2\/types\/post"}],"author":[{"embeddable":true,"href":"https:\/\/maisondefrance.de\/fr\/wp-json\/wp\/v2\/users\/1"}],"replies":[{"embeddable":true,"href":"https:\/\/maisondefrance.de\/fr\/wp-json\/wp\/v2\/comments?post=2276"}],"version-history":[{"count":10,"href":"https:\/\/maisondefrance.de\/fr\/wp-json\/wp\/v2\/posts\/2276\/revisions"}],"predecessor-version":[{"id":2312,"href":"https:\/\/maisondefrance.de\/fr\/wp-json\/wp\/v2\/posts\/2276\/revisions\/2312"}],"wp:featuredmedia":[{"embeddable":true,"href":"https:\/\/maisondefrance.de\/fr\/wp-json\/wp\/v2\/media\/2004"}],"wp:attachment":[{"href":"https:\/\/maisondefrance.de\/fr\/wp-json\/wp\/v2\/media?parent=2276"}],"wp:term":[{"taxonomy":"category","embeddable":true,"href":"https:\/\/maisondefrance.de\/fr\/wp-json\/wp\/v2\/categories?post=2276"},{"taxonomy":"post_tag","embeddable":true,"href":"https:\/\/maisondefrance.de\/fr\/wp-json\/wp\/v2\/tags?post=2276"}],"curies":[{"name":"wp","href":"https:\/\/api.w.org\/{rel}","templated":true}]}}