{"id":2284,"date":"2025-10-06T15:32:25","date_gmt":"2025-10-06T15:32:25","guid":{"rendered":"https:\/\/maisondefrance.de\/?p=2284"},"modified":"2025-11-25T16:47:55","modified_gmt":"2025-11-25T16:47:55","slug":"jour-fixe-am-14-10-25","status":"publish","type":"post","link":"https:\/\/maisondefrance.de\/fr\/jour-fixe-am-14-10-25\/","title":{"rendered":"Jour Fixe le 14.10.25"},"content":{"rendered":"<div data-elementor-type=\"wp-post\" data-elementor-id=\"2284\" class=\"elementor elementor-2284\" data-elementor-post-type=\"post\">\n\t\t\t\t<div class=\"elementor-element elementor-element-e8258a8 e-flex e-con-boxed e-con e-parent\" data-id=\"e8258a8\" data-element_type=\"container\">\n\t\t\t\t\t<div class=\"e-con-inner\">\n\t\t\t\t<div class=\"elementor-element elementor-element-b27df9c elementor-widget elementor-widget-heading\" data-id=\"b27df9c\" data-element_type=\"widget\" data-widget_type=\"heading.default\">\n\t\t\t\t<div class=\"elementor-widget-container\">\n\t\t\t\t\t<h2 class=\"elementor-heading-title elementor-size-default\">Jour Fixe am 14. Oktober 2025<\/h2>\t\t\t\t<\/div>\n\t\t\t\t<\/div>\n\t\t\t\t\t<\/div>\n\t\t\t\t<\/div>\n\t\t<div class=\"elementor-element elementor-element-afe7aec e-flex e-con-boxed e-con e-parent\" data-id=\"afe7aec\" data-element_type=\"container\">\n\t\t\t\t\t<div class=\"e-con-inner\">\n\t\t\t\t<div class=\"elementor-element elementor-element-1915784 elementor-widget elementor-widget-text-editor\" data-id=\"1915784\" data-element_type=\"widget\" data-widget_type=\"text-editor.default\">\n\t\t\t\t<div class=\"elementor-widget-container\">\n\t\t\t\t\t\t\t\t\t<p>\u00a0<\/p><p><strong><u>Dienstag, den 14. Oktober 2025, ab 18:00 Uhr im Salle Boris Vian, Maison de France<\/u><\/strong><\/p><p>An diesem Abend wurde <strong>Luc Paquier, den neuen Leiter des Institut Francais<\/strong>, der sich den Mitgliedern vorstellen und seine Pl\u00e4ne f\u00fcr die k\u00fcnftige Arbeit des Instituts und des Freundeskreises erl\u00e4utern hat, begr\u00fc\u00dft.<\/p><p>Im Anschluss hat der Freundeskreis zu einem musikalischen <strong>Umtrunk (mit kleinem Imbiss) eingeladen.<\/strong> Amandine Thiriet hat auf ihrem Akkordeon einige Chansons gesungen, danach hat Ulrich Dieckert mit Gitarrenbegleitung ein paar seiner St\u00fccke zum Besten gegeben.<\/p><p>\u00a0<\/p>\t\t\t\t\t\t\t\t<\/div>\n\t\t\t\t<\/div>\n\t\t\t\t\t<\/div>\n\t\t\t\t<\/div>\n\t\t<div class=\"elementor-element elementor-element-9407218 e-flex e-con-boxed e-con e-parent\" data-id=\"9407218\" data-element_type=\"container\">\n\t\t\t\t\t<div class=\"e-con-inner\">\n\t\t\t\t<div class=\"elementor-element elementor-element-c894b26 elementor-widget elementor-widget-image\" data-id=\"c894b26\" data-element_type=\"widget\" data-widget_type=\"image.default\">\n\t\t\t\t<div class=\"elementor-widget-container\">\n\t\t\t\t\t\t\t\t\t\t\t\t\t\t\t<img fetchpriority=\"high\" decoding=\"async\" width=\"1024\" height=\"718\" src=\"https:\/\/maisondefrance.de\/wp-content\/uploads\/2025\/10\/Jourfixe14.10.25-1024x718.jpeg\" class=\"attachment-large size-large wp-image-2319\" alt=\"\" srcset=\"https:\/\/maisondefrance.de\/wp-content\/uploads\/2025\/10\/Jourfixe14.10.25-1024x718.jpeg 1024w, https:\/\/maisondefrance.de\/wp-content\/uploads\/2025\/10\/Jourfixe14.10.25-300x210.jpeg 300w, https:\/\/maisondefrance.de\/wp-content\/uploads\/2025\/10\/Jourfixe14.10.25-768x538.jpeg 768w, https:\/\/maisondefrance.de\/wp-content\/uploads\/2025\/10\/Jourfixe14.10.25-1536x1077.jpeg 1536w, https:\/\/maisondefrance.de\/wp-content\/uploads\/2025\/10\/Jourfixe14.10.25-18x12.jpeg 18w, https:\/\/maisondefrance.de\/wp-content\/uploads\/2025\/10\/Jourfixe14.10.25.jpeg 1605w\" sizes=\"(max-width: 1024px) 100vw, 1024px\" \/>\t\t\t\t\t\t\t\t\t\t\t\t\t\t\t<\/div>\n\t\t\t\t<\/div>\n\t\t\t\t\t<\/div>\n\t\t\t\t<\/div>\n\t\t\t\t<\/div>","protected":false},"excerpt":{"rendered":"<p>Jour Fixe am 14. Oktober 2025 \u00a0 Dienstag, den 14. Oktober 2025, ab 18:00 Uhr im Salle Boris Vian, Maison de France An diesem Abend wurde Luc Paquier, den neuen Leiter des Institut Francais, der sich den Mitgliedern vorstellen und seine Pl\u00e4ne f\u00fcr die k\u00fcnftige Arbeit des Instituts und des Freundeskreises erl\u00e4utern hat, begr\u00fc\u00dft. Im [&hellip;]<\/p>","protected":false},"author":1,"featured_media":2285,"comment_status":"closed","ping_status":"closed","sticky":false,"template":"elementor_header_footer","format":"standard","meta":{"site-sidebar-layout":"default","site-content-layout":"","ast-site-content-layout":"default","site-content-style":"default","site-sidebar-style":"default","ast-global-header-display":"","ast-banner-title-visibility":"","ast-main-header-display":"","ast-hfb-above-header-display":"","ast-hfb-below-header-display":"","ast-hfb-mobile-header-display":"","site-post-title":"","ast-breadcrumbs-content":"","ast-featured-img":"","footer-sml-layout":"","ast-disable-related-posts":"","theme-transparent-header-meta":"","adv-header-id-meta":"","stick-header-meta":"","header-above-stick-meta":"","header-main-stick-meta":"","header-below-stick-meta":"","astra-migrate-meta-layouts":"set","ast-page-background-enabled":"default","ast-page-background-meta":{"desktop":{"background-color":"var(--ast-global-color-4)","background-image":"","background-repeat":"repeat","background-position":"center center","background-size":"auto","background-attachment":"scroll","background-type":"","background-media":"","overlay-type":"","overlay-color":"","overlay-opacity":"","overlay-gradient":""},"tablet":{"background-color":"","background-image":"","background-repeat":"repeat","background-position":"center center","background-size":"auto","background-attachment":"scroll","background-type":"","background-media":"","overlay-type":"","overlay-color":"","overlay-opacity":"","overlay-gradient":""},"mobile":{"background-color":"","background-image":"","background-repeat":"repeat","background-position":"center center","background-size":"auto","background-attachment":"scroll","background-type":"","background-media":"","overlay-type":"","overlay-color":"","overlay-opacity":"","overlay-gradient":""}},"ast-content-background-meta":{"desktop":{"background-color":"var(--ast-global-color-5)","background-image":"","background-repeat":"repeat","background-position":"center center","background-size":"auto","background-attachment":"scroll","background-type":"","background-media":"","overlay-type":"","overlay-color":"","overlay-opacity":"","overlay-gradient":""},"tablet":{"background-color":"var(--ast-global-color-5)","background-image":"","background-repeat":"repeat","background-position":"center center","background-size":"auto","background-attachment":"scroll","background-type":"","background-media":"","overlay-type":"","overlay-color":"","overlay-opacity":"","overlay-gradient":""},"mobile":{"background-color":"var(--ast-global-color-5)","background-image":"","background-repeat":"repeat","background-position":"center center","background-size":"auto","background-attachment":"scroll","background-type":"","background-media":"","overlay-type":"","overlay-color":"","overlay-opacity":"","overlay-gradient":""}},"footnotes":""},"categories":[7],"tags":[],"class_list":["post-2284","post","type-post","status-publish","format-standard","has-post-thumbnail","hentry","category-nachschau"],"yoast_head":"<!-- This site is optimized with the Yoast SEO plugin v27.0 - https:\/\/yoast.com\/product\/yoast-seo-wordpress\/ -->\n<title>Jour Fixe am 14.10.25 - Freundeskreis des MAISON DE FRANCE e.V.<\/title>\n<meta name=\"robots\" content=\"index, follow, max-snippet:-1, max-image-preview:large, max-video-preview:-1\" \/>\n<link rel=\"canonical\" href=\"https:\/\/maisondefrance.de\/fr\/jour-fixe-am-14-10-25\/\" \/>\n<meta property=\"og:locale\" content=\"fr_FR\" \/>\n<meta property=\"og:type\" content=\"article\" \/>\n<meta property=\"og:title\" content=\"Jour Fixe am 14.10.25 - Freundeskreis des MAISON DE FRANCE e.V.\" \/>\n<meta property=\"og:description\" content=\"Jour Fixe am 14. Oktober 2025 \u00a0 Dienstag, den 14. Oktober 2025, ab 18:00 Uhr im Salle Boris Vian, Maison de France An diesem Abend wurde Luc Paquier, den neuen Leiter des Institut Francais, der sich den Mitgliedern vorstellen und seine Pl\u00e4ne f\u00fcr die k\u00fcnftige Arbeit des Instituts und des Freundeskreises erl\u00e4utern hat, begr\u00fc\u00dft. Im [&hellip;]\" \/>\n<meta property=\"og:url\" content=\"https:\/\/maisondefrance.de\/fr\/jour-fixe-am-14-10-25\/\" \/>\n<meta property=\"og:site_name\" content=\"Freundeskreis des MAISON DE FRANCE e.V.\" \/>\n<meta property=\"article:published_time\" content=\"2025-10-06T15:32:25+00:00\" \/>\n<meta property=\"article:modified_time\" content=\"2025-11-25T16:47:55+00:00\" \/>\n<meta property=\"og:image\" content=\"https:\/\/maisondefrance.de\/wp-content\/uploads\/2025\/10\/11E94083-5F8F-4444-BDCC-FEDD91DEABAD_1_105_c.jpeg\" \/>\n\t<meta property=\"og:image:width\" content=\"1024\" \/>\n\t<meta property=\"og:image:height\" content=\"768\" \/>\n\t<meta property=\"og:image:type\" content=\"image\/jpeg\" \/>\n<meta name=\"author\" content=\"admin\" \/>\n<meta name=\"twitter:card\" content=\"summary_large_image\" \/>\n<meta name=\"twitter:label1\" content=\"\u00c9crit par\" \/>\n\t<meta name=\"twitter:data1\" content=\"admin\" \/>\n\t<meta name=\"twitter:label2\" content=\"Dur\u00e9e de lecture estim\u00e9e\" \/>\n\t<meta name=\"twitter:data2\" content=\"1 minute\" \/>\n<script type=\"application\/ld+json\" class=\"yoast-schema-graph\">{\"@context\":\"https:\/\/schema.org\",\"@graph\":[{\"@type\":\"Article\",\"@id\":\"https:\/\/maisondefrance.de\/jour-fixe-am-14-10-25\/#article\",\"isPartOf\":{\"@id\":\"https:\/\/maisondefrance.de\/jour-fixe-am-14-10-25\/\"},\"author\":{\"name\":\"admin\",\"@id\":\"https:\/\/maisondefrance.de\/#\/schema\/person\/bcc6f1401d17b348a4ba77765f9b8586\"},\"headline\":\"Jour Fixe am 14.10.25\",\"datePublished\":\"2025-10-06T15:32:25+00:00\",\"dateModified\":\"2025-11-25T16:47:55+00:00\",\"mainEntityOfPage\":{\"@id\":\"https:\/\/maisondefrance.de\/jour-fixe-am-14-10-25\/\"},\"wordCount\":92,\"publisher\":{\"@id\":\"https:\/\/maisondefrance.de\/#organization\"},\"image\":{\"@id\":\"https:\/\/maisondefrance.de\/jour-fixe-am-14-10-25\/#primaryimage\"},\"thumbnailUrl\":\"https:\/\/maisondefrance.de\/wp-content\/uploads\/2025\/10\/11E94083-5F8F-4444-BDCC-FEDD91DEABAD_1_105_c.jpeg\",\"articleSection\":[\"Nachschau\"],\"inLanguage\":\"fr-FR\"},{\"@type\":\"WebPage\",\"@id\":\"https:\/\/maisondefrance.de\/jour-fixe-am-14-10-25\/\",\"url\":\"https:\/\/maisondefrance.de\/jour-fixe-am-14-10-25\/\",\"name\":\"Jour Fixe am 14.10.25 - Freundeskreis des MAISON DE FRANCE e.V.\",\"isPartOf\":{\"@id\":\"https:\/\/maisondefrance.de\/#website\"},\"primaryImageOfPage\":{\"@id\":\"https:\/\/maisondefrance.de\/jour-fixe-am-14-10-25\/#primaryimage\"},\"image\":{\"@id\":\"https:\/\/maisondefrance.de\/jour-fixe-am-14-10-25\/#primaryimage\"},\"thumbnailUrl\":\"https:\/\/maisondefrance.de\/wp-content\/uploads\/2025\/10\/11E94083-5F8F-4444-BDCC-FEDD91DEABAD_1_105_c.jpeg\",\"datePublished\":\"2025-10-06T15:32:25+00:00\",\"dateModified\":\"2025-11-25T16:47:55+00:00\",\"breadcrumb\":{\"@id\":\"https:\/\/maisondefrance.de\/jour-fixe-am-14-10-25\/#breadcrumb\"},\"inLanguage\":\"fr-FR\",\"potentialAction\":[{\"@type\":\"ReadAction\",\"target\":[\"https:\/\/maisondefrance.de\/jour-fixe-am-14-10-25\/\"]}]},{\"@type\":\"ImageObject\",\"inLanguage\":\"fr-FR\",\"@id\":\"https:\/\/maisondefrance.de\/jour-fixe-am-14-10-25\/#primaryimage\",\"url\":\"https:\/\/maisondefrance.de\/wp-content\/uploads\/2025\/10\/11E94083-5F8F-4444-BDCC-FEDD91DEABAD_1_105_c.jpeg\",\"contentUrl\":\"https:\/\/maisondefrance.de\/wp-content\/uploads\/2025\/10\/11E94083-5F8F-4444-BDCC-FEDD91DEABAD_1_105_c.jpeg\",\"width\":1024,\"height\":768},{\"@type\":\"BreadcrumbList\",\"@id\":\"https:\/\/maisondefrance.de\/jour-fixe-am-14-10-25\/#breadcrumb\",\"itemListElement\":[{\"@type\":\"ListItem\",\"position\":1,\"name\":\"Startseite\",\"item\":\"https:\/\/maisondefrance.de\/\"},{\"@type\":\"ListItem\",\"position\":2,\"name\":\"Jour Fixe am 14.10.25\"}]},{\"@type\":\"WebSite\",\"@id\":\"https:\/\/maisondefrance.de\/#website\",\"url\":\"https:\/\/maisondefrance.de\/\",\"name\":\"Freundeskreis des MAISON DE FRANCE e.V.\",\"description\":\"Deutsch-Franz\u00f6sischer Kulturverein\",\"publisher\":{\"@id\":\"https:\/\/maisondefrance.de\/#organization\"},\"potentialAction\":[{\"@type\":\"SearchAction\",\"target\":{\"@type\":\"EntryPoint\",\"urlTemplate\":\"https:\/\/maisondefrance.de\/?s={search_term_string}\"},\"query-input\":{\"@type\":\"PropertyValueSpecification\",\"valueRequired\":true,\"valueName\":\"search_term_string\"}}],\"inLanguage\":\"fr-FR\"},{\"@type\":\"Organization\",\"@id\":\"https:\/\/maisondefrance.de\/#organization\",\"name\":\"Freundeskreis des MAISON DE FRANCE e.V.\",\"url\":\"https:\/\/maisondefrance.de\/\",\"logo\":{\"@type\":\"ImageObject\",\"inLanguage\":\"fr-FR\",\"@id\":\"https:\/\/maisondefrance.de\/#\/schema\/logo\/image\/\",\"url\":\"https:\/\/maisondefrance.de\/wp-content\/uploads\/2024\/09\/cropped-image004-2.png\",\"contentUrl\":\"https:\/\/maisondefrance.de\/wp-content\/uploads\/2024\/09\/cropped-image004-2.png\",\"width\":665,\"height\":624,\"caption\":\"Freundeskreis des MAISON DE FRANCE e.V.\"},\"image\":{\"@id\":\"https:\/\/maisondefrance.de\/#\/schema\/logo\/image\/\"}},{\"@type\":\"Person\",\"@id\":\"https:\/\/maisondefrance.de\/#\/schema\/person\/bcc6f1401d17b348a4ba77765f9b8586\",\"name\":\"admin\",\"sameAs\":[\"https:\/\/maisondefrance.de\"],\"url\":\"https:\/\/maisondefrance.de\/fr\/author\/mdfadmin1\/\"}]}<\/script>\n<!-- \/ Yoast SEO plugin. -->","yoast_head_json":{"title":"Jour Fixe am 14.10.25 - Freundeskreis des MAISON DE FRANCE e.V.","robots":{"index":"index","follow":"follow","max-snippet":"max-snippet:-1","max-image-preview":"max-image-preview:large","max-video-preview":"max-video-preview:-1"},"canonical":"https:\/\/maisondefrance.de\/fr\/jour-fixe-am-14-10-25\/","og_locale":"fr_FR","og_type":"article","og_title":"Jour Fixe am 14.10.25 - Freundeskreis des MAISON DE FRANCE e.V.","og_description":"Jour Fixe am 14. Oktober 2025 \u00a0 Dienstag, den 14. Oktober 2025, ab 18:00 Uhr im Salle Boris Vian, Maison de France An diesem Abend wurde Luc Paquier, den neuen Leiter des Institut Francais, der sich den Mitgliedern vorstellen und seine Pl\u00e4ne f\u00fcr die k\u00fcnftige Arbeit des Instituts und des Freundeskreises erl\u00e4utern hat, begr\u00fc\u00dft. Im [&hellip;]","og_url":"https:\/\/maisondefrance.de\/fr\/jour-fixe-am-14-10-25\/","og_site_name":"Freundeskreis des MAISON DE FRANCE e.V.","article_published_time":"2025-10-06T15:32:25+00:00","article_modified_time":"2025-11-25T16:47:55+00:00","og_image":[{"width":1024,"height":768,"url":"https:\/\/maisondefrance.de\/wp-content\/uploads\/2025\/10\/11E94083-5F8F-4444-BDCC-FEDD91DEABAD_1_105_c.jpeg","type":"image\/jpeg"}],"author":"admin","twitter_card":"summary_large_image","twitter_misc":{"\u00c9crit par":"admin","Dur\u00e9e de lecture estim\u00e9e":"1 minute"},"schema":{"@context":"https:\/\/schema.org","@graph":[{"@type":"Article","@id":"https:\/\/maisondefrance.de\/jour-fixe-am-14-10-25\/#article","isPartOf":{"@id":"https:\/\/maisondefrance.de\/jour-fixe-am-14-10-25\/"},"author":{"name":"admin","@id":"https:\/\/maisondefrance.de\/#\/schema\/person\/bcc6f1401d17b348a4ba77765f9b8586"},"headline":"Jour Fixe am 14.10.25","datePublished":"2025-10-06T15:32:25+00:00","dateModified":"2025-11-25T16:47:55+00:00","mainEntityOfPage":{"@id":"https:\/\/maisondefrance.de\/jour-fixe-am-14-10-25\/"},"wordCount":92,"publisher":{"@id":"https:\/\/maisondefrance.de\/#organization"},"image":{"@id":"https:\/\/maisondefrance.de\/jour-fixe-am-14-10-25\/#primaryimage"},"thumbnailUrl":"https:\/\/maisondefrance.de\/wp-content\/uploads\/2025\/10\/11E94083-5F8F-4444-BDCC-FEDD91DEABAD_1_105_c.jpeg","articleSection":["Nachschau"],"inLanguage":"fr-FR"},{"@type":"WebPage","@id":"https:\/\/maisondefrance.de\/jour-fixe-am-14-10-25\/","url":"https:\/\/maisondefrance.de\/jour-fixe-am-14-10-25\/","name":"Jour Fixe am 14.10.25 - Freundeskreis des MAISON DE FRANCE e.V.","isPartOf":{"@id":"https:\/\/maisondefrance.de\/#website"},"primaryImageOfPage":{"@id":"https:\/\/maisondefrance.de\/jour-fixe-am-14-10-25\/#primaryimage"},"image":{"@id":"https:\/\/maisondefrance.de\/jour-fixe-am-14-10-25\/#primaryimage"},"thumbnailUrl":"https:\/\/maisondefrance.de\/wp-content\/uploads\/2025\/10\/11E94083-5F8F-4444-BDCC-FEDD91DEABAD_1_105_c.jpeg","datePublished":"2025-10-06T15:32:25+00:00","dateModified":"2025-11-25T16:47:55+00:00","breadcrumb":{"@id":"https:\/\/maisondefrance.de\/jour-fixe-am-14-10-25\/#breadcrumb"},"inLanguage":"fr-FR","potentialAction":[{"@type":"ReadAction","target":["https:\/\/maisondefrance.de\/jour-fixe-am-14-10-25\/"]}]},{"@type":"ImageObject","inLanguage":"fr-FR","@id":"https:\/\/maisondefrance.de\/jour-fixe-am-14-10-25\/#primaryimage","url":"https:\/\/maisondefrance.de\/wp-content\/uploads\/2025\/10\/11E94083-5F8F-4444-BDCC-FEDD91DEABAD_1_105_c.jpeg","contentUrl":"https:\/\/maisondefrance.de\/wp-content\/uploads\/2025\/10\/11E94083-5F8F-4444-BDCC-FEDD91DEABAD_1_105_c.jpeg","width":1024,"height":768},{"@type":"BreadcrumbList","@id":"https:\/\/maisondefrance.de\/jour-fixe-am-14-10-25\/#breadcrumb","itemListElement":[{"@type":"ListItem","position":1,"name":"Startseite","item":"https:\/\/maisondefrance.de\/"},{"@type":"ListItem","position":2,"name":"Jour Fixe am 14.10.25"}]},{"@type":"WebSite","@id":"https:\/\/maisondefrance.de\/#website","url":"https:\/\/maisondefrance.de\/","name":"Freundeskreis des MAISON DE FRANCE e.V.","description":"Deutsch-Franz\u00f6sischer Kulturverein","publisher":{"@id":"https:\/\/maisondefrance.de\/#organization"},"potentialAction":[{"@type":"SearchAction","target":{"@type":"EntryPoint","urlTemplate":"https:\/\/maisondefrance.de\/?s={search_term_string}"},"query-input":{"@type":"PropertyValueSpecification","valueRequired":true,"valueName":"search_term_string"}}],"inLanguage":"fr-FR"},{"@type":"Organization","@id":"https:\/\/maisondefrance.de\/#organization","name":"Freundeskreis des MAISON DE FRANCE e.V.","url":"https:\/\/maisondefrance.de\/","logo":{"@type":"ImageObject","inLanguage":"fr-FR","@id":"https:\/\/maisondefrance.de\/#\/schema\/logo\/image\/","url":"https:\/\/maisondefrance.de\/wp-content\/uploads\/2024\/09\/cropped-image004-2.png","contentUrl":"https:\/\/maisondefrance.de\/wp-content\/uploads\/2024\/09\/cropped-image004-2.png","width":665,"height":624,"caption":"Freundeskreis des MAISON DE FRANCE e.V."},"image":{"@id":"https:\/\/maisondefrance.de\/#\/schema\/logo\/image\/"}},{"@type":"Person","@id":"https:\/\/maisondefrance.de\/#\/schema\/person\/bcc6f1401d17b348a4ba77765f9b8586","name":"admin","sameAs":["https:\/\/maisondefrance.de"],"url":"https:\/\/maisondefrance.de\/fr\/author\/mdfadmin1\/"}]}},"_links":{"self":[{"href":"https:\/\/maisondefrance.de\/fr\/wp-json\/wp\/v2\/posts\/2284","targetHints":{"allow":["GET"]}}],"collection":[{"href":"https:\/\/maisondefrance.de\/fr\/wp-json\/wp\/v2\/posts"}],"about":[{"href":"https:\/\/maisondefrance.de\/fr\/wp-json\/wp\/v2\/types\/post"}],"author":[{"embeddable":true,"href":"https:\/\/maisondefrance.de\/fr\/wp-json\/wp\/v2\/users\/1"}],"replies":[{"embeddable":true,"href":"https:\/\/maisondefrance.de\/fr\/wp-json\/wp\/v2\/comments?post=2284"}],"version-history":[{"count":10,"href":"https:\/\/maisondefrance.de\/fr\/wp-json\/wp\/v2\/posts\/2284\/revisions"}],"predecessor-version":[{"id":2322,"href":"https:\/\/maisondefrance.de\/fr\/wp-json\/wp\/v2\/posts\/2284\/revisions\/2322"}],"wp:featuredmedia":[{"embeddable":true,"href":"https:\/\/maisondefrance.de\/fr\/wp-json\/wp\/v2\/media\/2285"}],"wp:attachment":[{"href":"https:\/\/maisondefrance.de\/fr\/wp-json\/wp\/v2\/media?parent=2284"}],"wp:term":[{"taxonomy":"category","embeddable":true,"href":"https:\/\/maisondefrance.de\/fr\/wp-json\/wp\/v2\/categories?post=2284"},{"taxonomy":"post_tag","embeddable":true,"href":"https:\/\/maisondefrance.de\/fr\/wp-json\/wp\/v2\/tags?post=2284"}],"curies":[{"name":"wp","href":"https:\/\/api.w.org\/{rel}","templated":true}]}}