{"id":2354,"date":"2026-03-09T18:09:17","date_gmt":"2026-03-09T18:09:17","guid":{"rendered":"https:\/\/maisondefrance.de\/?p=2354"},"modified":"2026-03-09T18:16:40","modified_gmt":"2026-03-09T18:16:40","slug":"mitgliederversammlung-am-26-03-2026","status":"publish","type":"post","link":"https:\/\/maisondefrance.de\/fr\/mitgliederversammlung-am-26-03-2026\/","title":{"rendered":"Mitgliederversammlung am 26.03.2026"},"content":{"rendered":"<div data-elementor-type=\"wp-post\" data-elementor-id=\"2354\" class=\"elementor elementor-2354\" data-elementor-post-type=\"post\">\n\t\t\t\t<div class=\"elementor-element elementor-element-a675ac4 e-flex e-con-boxed e-con e-parent\" data-id=\"a675ac4\" data-element_type=\"container\">\n\t\t\t\t\t<div class=\"e-con-inner\">\n\t\t\t\t<div class=\"elementor-element elementor-element-72d9676 elementor-widget elementor-widget-heading\" data-id=\"72d9676\" data-element_type=\"widget\" data-widget_type=\"heading.default\">\n\t\t\t\t<div class=\"elementor-widget-container\">\n\t\t\t\t\t<h2 class=\"elementor-heading-title elementor-size-default\">Mitgliederversammlung 2026<\/h2>\t\t\t\t<\/div>\n\t\t\t\t<\/div>\n\t\t\t\t\t<\/div>\n\t\t\t\t<\/div>\n\t\t<div class=\"elementor-element elementor-element-f45dd42 e-flex e-con-boxed e-con e-parent\" data-id=\"f45dd42\" data-element_type=\"container\">\n\t\t\t\t\t<div class=\"e-con-inner\">\n\t\t\t\t<div class=\"elementor-element elementor-element-edf6715 elementor-widget elementor-widget-image\" data-id=\"edf6715\" data-element_type=\"widget\" data-widget_type=\"image.default\">\n\t\t\t\t<div class=\"elementor-widget-container\">\n\t\t\t\t\t\t\t\t\t\t\t\t<figure class=\"wp-caption\">\n\t\t\t\t\t\t\t\t\t\t<img fetchpriority=\"high\" decoding=\"async\" width=\"1024\" height=\"475\" src=\"https:\/\/maisondefrance.de\/wp-content\/uploads\/2025\/03\/0d249148-b63e-42db-b39a-7cab1425b32a-1024x475.jpg\" class=\"attachment-large size-large wp-image-2139\" alt=\"\" srcset=\"https:\/\/maisondefrance.de\/wp-content\/uploads\/2025\/03\/0d249148-b63e-42db-b39a-7cab1425b32a-1024x475.jpg 1024w, https:\/\/maisondefrance.de\/wp-content\/uploads\/2025\/03\/0d249148-b63e-42db-b39a-7cab1425b32a-300x139.jpg 300w, https:\/\/maisondefrance.de\/wp-content\/uploads\/2025\/03\/0d249148-b63e-42db-b39a-7cab1425b32a-768x356.jpg 768w, https:\/\/maisondefrance.de\/wp-content\/uploads\/2025\/03\/0d249148-b63e-42db-b39a-7cab1425b32a-1536x712.jpg 1536w, https:\/\/maisondefrance.de\/wp-content\/uploads\/2025\/03\/0d249148-b63e-42db-b39a-7cab1425b32a-18x8.jpg 18w, https:\/\/maisondefrance.de\/wp-content\/uploads\/2025\/03\/0d249148-b63e-42db-b39a-7cab1425b32a.jpg 1600w\" sizes=\"(max-width: 1024px) 100vw, 1024px\" \/>\t\t\t\t\t\t\t\t\t\t\t<figcaption class=\"widget-image-caption wp-caption-text\"><\/figcaption>\n\t\t\t\t\t\t\t\t\t\t<\/figure>\n\t\t\t\t\t\t\t\t\t<\/div>\n\t\t\t\t<\/div>\n\t\t\t\t<div class=\"elementor-element elementor-element-8f6fc6f elementor-widget elementor-widget-text-editor\" data-id=\"8f6fc6f\" data-element_type=\"widget\" data-widget_type=\"text-editor.default\">\n\t\t\t\t<div class=\"elementor-widget-container\">\n\t\t\t\t\t\t\t\t\t<p class=\"s3\"><a name=\"_GoBack\"><\/a><\/p><div class=\"page\" title=\"Page 1\"><table><tbody><tr><td><div class=\"layoutArea\"><div class=\"column\"><p>Che\u0300re Madame, cher Monsieur, liebe Mitglieder des Freundeskreises des Maison de France! Hiermit laden wir Sie sehr herzlich ein zu unserer diesja\u0308hrigen<\/p><p><strong>Mitgliederversammlung<\/strong> am Mittwoch, den <strong>26.03.2026<\/strong>, um 18 Uhr im Maison de France (Saal Boris Vian, 4. Etage).<\/p><\/div><\/div><\/td><\/tr><tr><td><div class=\"layoutArea\"><div class=\"column\"><p>Tagesordnung \/ ordre du jour:<\/p><p>1. Begru\u0308\u00dfung und Feststellung der Tagesordnung 2. Bericht u\u0308ber das Gescha\u0308ftsjahr 2025<br \/>2.1 Vorstand<br \/>2.2 Schatzmeister<\/p><\/div><\/div><\/td><\/tr><tr><td><div class=\"layoutArea\"><div class=\"column\"><p>2.3 Kassenpru\u0308fer<br \/>3. Aussprache zu den Berichten<br \/>4. Entlastung des Vorstandes<br \/>5. Feststellung der stimmberechtigten Mitglieder 6. Neuwahl des Vorstandes<br \/>6.1 Wahlleitung<br \/>6.2 Vorstellung der Kandidierenden<br \/>6.3 Wahl<\/p><\/div><\/div><\/td><\/tr><tr><td><div class=\"layoutArea\"><div class=\"column\"><p>7. Antra\u0308ge<\/p><p>7.1. Antrag des Vorstandes auf A\u0308nderung von \u00a7 4 Abs. 3 der Satzung 7.2. Antrag des Vorstandes auf A\u0308nderung von \u00a7 8 Abs. 2b der Satzung<\/p><p>8. Verschiedenes<\/p><\/div><p><strong>Und ab 19:00 :<\/strong><br \/>Der Freundeskreis Maison de France startet ein neues Format: eine bilinguale Begegnung mit frankophonen Pers\u00f6nlichkeiten aus Berlin. In einem offenen Austausch stellt er Menschen vor, die zwischen den Kulturen leben und neue Perspektiven auf Europa, Frankreich und Deutschland er\u00f6ffnen.<br \/>Zum Auftakt begr\u00fc\u00dft der Freundeskreis <strong>Antoine Villoutreix,<\/strong> einen franz\u00f6sischen Musiker, der seit vielen Jahren in Berlin lebt. Neben einigen seiner St\u00fccke spricht er dar\u00fcber, wie Berlin seine Musik gepr\u00e4gt hat und welchen Blick er von hier aus auf Frankreich wirft. Ein Abend zwischen Franz\u00f6sisch, Deutsch und Musik.\u00a0<br \/><em>Auf Franz\u00f6sisch und Deutsch, ohne \u00dcbersetzung.<\/em><\/p><\/div><\/td><\/tr><\/tbody><\/table><\/div><p class=\"s3\"><a name=\"_GoBack\"><\/a><\/p>\t\t\t\t\t\t\t\t<\/div>\n\t\t\t\t<\/div>\n\t\t\t\t\t<\/div>\n\t\t\t\t<\/div>\n\t\t<div class=\"elementor-element elementor-element-43bf2d0 e-flex e-con-boxed e-con e-parent\" data-id=\"43bf2d0\" data-element_type=\"container\">\n\t\t\t\t\t<div class=\"e-con-inner\">\n\t\t\t\t<div class=\"elementor-element elementor-element-bba55e9 elementor-widget elementor-widget-image\" data-id=\"bba55e9\" data-element_type=\"widget\" data-widget_type=\"image.default\">\n\t\t\t\t<div class=\"elementor-widget-container\">\n\t\t\t\t\t\t\t\t\t\t\t\t\t\t\t<img decoding=\"async\" width=\"960\" height=\"540\" src=\"https:\/\/maisondefrance.de\/wp-content\/uploads\/2026\/03\/0284DDB8-CB63-4812-86CA-1446706A2328.jpeg\" class=\"attachment-large size-large wp-image-2357\" alt=\"\" srcset=\"https:\/\/maisondefrance.de\/wp-content\/uploads\/2026\/03\/0284DDB8-CB63-4812-86CA-1446706A2328.jpeg 960w, https:\/\/maisondefrance.de\/wp-content\/uploads\/2026\/03\/0284DDB8-CB63-4812-86CA-1446706A2328-300x169.jpeg 300w, https:\/\/maisondefrance.de\/wp-content\/uploads\/2026\/03\/0284DDB8-CB63-4812-86CA-1446706A2328-768x432.jpeg 768w, https:\/\/maisondefrance.de\/wp-content\/uploads\/2026\/03\/0284DDB8-CB63-4812-86CA-1446706A2328-18x10.jpeg 18w\" sizes=\"(max-width: 960px) 100vw, 960px\" \/>\t\t\t\t\t\t\t\t\t\t\t\t\t\t\t<\/div>\n\t\t\t\t<\/div>\n\t\t\t\t\t<\/div>\n\t\t\t\t<\/div>\n\t\t\t\t<\/div>","protected":false},"excerpt":{"rendered":"<p>Mitgliederversammlung 2026 Che\u0300re Madame, cher Monsieur, liebe Mitglieder des Freundeskreises des Maison de France! Hiermit laden wir Sie sehr herzlich ein zu unserer diesja\u0308hrigen Mitgliederversammlung am Mittwoch, den 26.03.2026, um 18 Uhr im Maison de France (Saal Boris Vian, 4. Etage). Tagesordnung \/ ordre du jour: 1. Begru\u0308\u00dfung und Feststellung der Tagesordnung 2. Bericht u\u0308ber [&hellip;]<\/p>","protected":false},"author":1,"featured_media":2139,"comment_status":"closed","ping_status":"closed","sticky":false,"template":"elementor_header_footer","format":"standard","meta":{"site-sidebar-layout":"default","site-content-layout":"","ast-site-content-layout":"default","site-content-style":"default","site-sidebar-style":"default","ast-global-header-display":"","ast-banner-title-visibility":"","ast-main-header-display":"","ast-hfb-above-header-display":"","ast-hfb-below-header-display":"","ast-hfb-mobile-header-display":"","site-post-title":"","ast-breadcrumbs-content":"","ast-featured-img":"","footer-sml-layout":"","ast-disable-related-posts":"","theme-transparent-header-meta":"","adv-header-id-meta":"","stick-header-meta":"","header-above-stick-meta":"","header-main-stick-meta":"","header-below-stick-meta":"","astra-migrate-meta-layouts":"set","ast-page-background-enabled":"default","ast-page-background-meta":{"desktop":{"background-color":"var(--ast-global-color-4)","background-image":"","background-repeat":"repeat","background-position":"center center","background-size":"auto","background-attachment":"scroll","background-type":"","background-media":"","overlay-type":"","overlay-color":"","overlay-opacity":"","overlay-gradient":""},"tablet":{"background-color":"","background-image":"","background-repeat":"repeat","background-position":"center center","background-size":"auto","background-attachment":"scroll","background-type":"","background-media":"","overlay-type":"","overlay-color":"","overlay-opacity":"","overlay-gradient":""},"mobile":{"background-color":"","background-image":"","background-repeat":"repeat","background-position":"center center","background-size":"auto","background-attachment":"scroll","background-type":"","background-media":"","overlay-type":"","overlay-color":"","overlay-opacity":"","overlay-gradient":""}},"ast-content-background-meta":{"desktop":{"background-color":"var(--ast-global-color-5)","background-image":"","background-repeat":"repeat","background-position":"center center","background-size":"auto","background-attachment":"scroll","background-type":"","background-media":"","overlay-type":"","overlay-color":"","overlay-opacity":"","overlay-gradient":""},"tablet":{"background-color":"var(--ast-global-color-5)","background-image":"","background-repeat":"repeat","background-position":"center center","background-size":"auto","background-attachment":"scroll","background-type":"","background-media":"","overlay-type":"","overlay-color":"","overlay-opacity":"","overlay-gradient":""},"mobile":{"background-color":"var(--ast-global-color-5)","background-image":"","background-repeat":"repeat","background-position":"center center","background-size":"auto","background-attachment":"scroll","background-type":"","background-media":"","overlay-type":"","overlay-color":"","overlay-opacity":"","overlay-gradient":""}},"footnotes":""},"categories":[6],"tags":[],"class_list":["post-2354","post","type-post","status-publish","format-standard","has-post-thumbnail","hentry","category-vorschau"],"yoast_head":"<!-- This site is optimized with the Yoast SEO plugin v27.0 - https:\/\/yoast.com\/product\/yoast-seo-wordpress\/ -->\n<title>Mitgliederversammlung am 26.03.2026 - Freundeskreis des MAISON DE FRANCE e.V.<\/title>\n<meta name=\"robots\" content=\"index, follow, max-snippet:-1, max-image-preview:large, max-video-preview:-1\" \/>\n<link rel=\"canonical\" href=\"https:\/\/maisondefrance.de\/fr\/mitgliederversammlung-am-26-03-2026\/\" \/>\n<meta property=\"og:locale\" content=\"fr_FR\" \/>\n<meta property=\"og:type\" content=\"article\" \/>\n<meta property=\"og:title\" content=\"Mitgliederversammlung am 26.03.2026 - Freundeskreis des MAISON DE FRANCE e.V.\" \/>\n<meta property=\"og:description\" content=\"Mitgliederversammlung 2026 Che\u0300re Madame, cher Monsieur, liebe Mitglieder des Freundeskreises des Maison de France! Hiermit laden wir Sie sehr herzlich ein zu unserer diesja\u0308hrigen Mitgliederversammlung am Mittwoch, den 26.03.2026, um 18 Uhr im Maison de France (Saal Boris Vian, 4. Etage). Tagesordnung \/ ordre du jour: 1. Begru\u0308\u00dfung und Feststellung der Tagesordnung 2. Bericht u\u0308ber [&hellip;]\" \/>\n<meta property=\"og:url\" content=\"https:\/\/maisondefrance.de\/fr\/mitgliederversammlung-am-26-03-2026\/\" \/>\n<meta property=\"og:site_name\" content=\"Freundeskreis des MAISON DE FRANCE e.V.\" \/>\n<meta property=\"article:published_time\" content=\"2026-03-09T18:09:17+00:00\" \/>\n<meta property=\"article:modified_time\" content=\"2026-03-09T18:16:40+00:00\" \/>\n<meta property=\"og:image\" content=\"https:\/\/maisondefrance.de\/wp-content\/uploads\/2025\/03\/0d249148-b63e-42db-b39a-7cab1425b32a.jpg\" \/>\n\t<meta property=\"og:image:width\" content=\"1600\" \/>\n\t<meta property=\"og:image:height\" content=\"742\" \/>\n\t<meta property=\"og:image:type\" content=\"image\/jpeg\" \/>\n<meta name=\"author\" content=\"admin\" \/>\n<meta name=\"twitter:card\" content=\"summary_large_image\" \/>\n<meta name=\"twitter:label1\" content=\"\u00c9crit par\" \/>\n\t<meta name=\"twitter:data1\" content=\"admin\" \/>\n\t<meta name=\"twitter:label2\" content=\"Dur\u00e9e de lecture estim\u00e9e\" \/>\n\t<meta name=\"twitter:data2\" content=\"2 minutes\" \/>\n<script type=\"application\/ld+json\" class=\"yoast-schema-graph\">{\"@context\":\"https:\/\/schema.org\",\"@graph\":[{\"@type\":\"Article\",\"@id\":\"https:\/\/maisondefrance.de\/mitgliederversammlung-am-26-03-2026\/#article\",\"isPartOf\":{\"@id\":\"https:\/\/maisondefrance.de\/mitgliederversammlung-am-26-03-2026\/\"},\"author\":{\"name\":\"admin\",\"@id\":\"https:\/\/maisondefrance.de\/#\/schema\/person\/bcc6f1401d17b348a4ba77765f9b8586\"},\"headline\":\"Mitgliederversammlung am 26.03.2026\",\"datePublished\":\"2026-03-09T18:09:17+00:00\",\"dateModified\":\"2026-03-09T18:16:40+00:00\",\"mainEntityOfPage\":{\"@id\":\"https:\/\/maisondefrance.de\/mitgliederversammlung-am-26-03-2026\/\"},\"wordCount\":207,\"publisher\":{\"@id\":\"https:\/\/maisondefrance.de\/#organization\"},\"image\":{\"@id\":\"https:\/\/maisondefrance.de\/mitgliederversammlung-am-26-03-2026\/#primaryimage\"},\"thumbnailUrl\":\"https:\/\/maisondefrance.de\/wp-content\/uploads\/2025\/03\/0d249148-b63e-42db-b39a-7cab1425b32a.jpg\",\"articleSection\":[\"Vorschau\"],\"inLanguage\":\"fr-FR\"},{\"@type\":\"WebPage\",\"@id\":\"https:\/\/maisondefrance.de\/mitgliederversammlung-am-26-03-2026\/\",\"url\":\"https:\/\/maisondefrance.de\/mitgliederversammlung-am-26-03-2026\/\",\"name\":\"Mitgliederversammlung am 26.03.2026 - Freundeskreis des MAISON DE FRANCE e.V.\",\"isPartOf\":{\"@id\":\"https:\/\/maisondefrance.de\/#website\"},\"primaryImageOfPage\":{\"@id\":\"https:\/\/maisondefrance.de\/mitgliederversammlung-am-26-03-2026\/#primaryimage\"},\"image\":{\"@id\":\"https:\/\/maisondefrance.de\/mitgliederversammlung-am-26-03-2026\/#primaryimage\"},\"thumbnailUrl\":\"https:\/\/maisondefrance.de\/wp-content\/uploads\/2025\/03\/0d249148-b63e-42db-b39a-7cab1425b32a.jpg\",\"datePublished\":\"2026-03-09T18:09:17+00:00\",\"dateModified\":\"2026-03-09T18:16:40+00:00\",\"breadcrumb\":{\"@id\":\"https:\/\/maisondefrance.de\/mitgliederversammlung-am-26-03-2026\/#breadcrumb\"},\"inLanguage\":\"fr-FR\",\"potentialAction\":[{\"@type\":\"ReadAction\",\"target\":[\"https:\/\/maisondefrance.de\/mitgliederversammlung-am-26-03-2026\/\"]}]},{\"@type\":\"ImageObject\",\"inLanguage\":\"fr-FR\",\"@id\":\"https:\/\/maisondefrance.de\/mitgliederversammlung-am-26-03-2026\/#primaryimage\",\"url\":\"https:\/\/maisondefrance.de\/wp-content\/uploads\/2025\/03\/0d249148-b63e-42db-b39a-7cab1425b32a.jpg\",\"contentUrl\":\"https:\/\/maisondefrance.de\/wp-content\/uploads\/2025\/03\/0d249148-b63e-42db-b39a-7cab1425b32a.jpg\",\"width\":1600,\"height\":742},{\"@type\":\"BreadcrumbList\",\"@id\":\"https:\/\/maisondefrance.de\/mitgliederversammlung-am-26-03-2026\/#breadcrumb\",\"itemListElement\":[{\"@type\":\"ListItem\",\"position\":1,\"name\":\"Startseite\",\"item\":\"https:\/\/maisondefrance.de\/\"},{\"@type\":\"ListItem\",\"position\":2,\"name\":\"Mitgliederversammlung am 26.03.2026\"}]},{\"@type\":\"WebSite\",\"@id\":\"https:\/\/maisondefrance.de\/#website\",\"url\":\"https:\/\/maisondefrance.de\/\",\"name\":\"Freundeskreis des MAISON DE FRANCE e.V.\",\"description\":\"Deutsch-Franz\u00f6sischer Kulturverein\",\"publisher\":{\"@id\":\"https:\/\/maisondefrance.de\/#organization\"},\"potentialAction\":[{\"@type\":\"SearchAction\",\"target\":{\"@type\":\"EntryPoint\",\"urlTemplate\":\"https:\/\/maisondefrance.de\/?s={search_term_string}\"},\"query-input\":{\"@type\":\"PropertyValueSpecification\",\"valueRequired\":true,\"valueName\":\"search_term_string\"}}],\"inLanguage\":\"fr-FR\"},{\"@type\":\"Organization\",\"@id\":\"https:\/\/maisondefrance.de\/#organization\",\"name\":\"Freundeskreis des MAISON DE FRANCE e.V.\",\"url\":\"https:\/\/maisondefrance.de\/\",\"logo\":{\"@type\":\"ImageObject\",\"inLanguage\":\"fr-FR\",\"@id\":\"https:\/\/maisondefrance.de\/#\/schema\/logo\/image\/\",\"url\":\"https:\/\/maisondefrance.de\/wp-content\/uploads\/2024\/09\/cropped-image004-2.png\",\"contentUrl\":\"https:\/\/maisondefrance.de\/wp-content\/uploads\/2024\/09\/cropped-image004-2.png\",\"width\":665,\"height\":624,\"caption\":\"Freundeskreis des MAISON DE FRANCE e.V.\"},\"image\":{\"@id\":\"https:\/\/maisondefrance.de\/#\/schema\/logo\/image\/\"}},{\"@type\":\"Person\",\"@id\":\"https:\/\/maisondefrance.de\/#\/schema\/person\/bcc6f1401d17b348a4ba77765f9b8586\",\"name\":\"admin\",\"sameAs\":[\"https:\/\/maisondefrance.de\"],\"url\":\"https:\/\/maisondefrance.de\/fr\/author\/mdfadmin1\/\"}]}<\/script>\n<!-- \/ Yoast SEO plugin. -->","yoast_head_json":{"title":"Mitgliederversammlung am 26.03.2026 - Freundeskreis des MAISON DE FRANCE e.V.","robots":{"index":"index","follow":"follow","max-snippet":"max-snippet:-1","max-image-preview":"max-image-preview:large","max-video-preview":"max-video-preview:-1"},"canonical":"https:\/\/maisondefrance.de\/fr\/mitgliederversammlung-am-26-03-2026\/","og_locale":"fr_FR","og_type":"article","og_title":"Mitgliederversammlung am 26.03.2026 - Freundeskreis des MAISON DE FRANCE e.V.","og_description":"Mitgliederversammlung 2026 Che\u0300re Madame, cher Monsieur, liebe Mitglieder des Freundeskreises des Maison de France! Hiermit laden wir Sie sehr herzlich ein zu unserer diesja\u0308hrigen Mitgliederversammlung am Mittwoch, den 26.03.2026, um 18 Uhr im Maison de France (Saal Boris Vian, 4. Etage). Tagesordnung \/ ordre du jour: 1. Begru\u0308\u00dfung und Feststellung der Tagesordnung 2. Bericht u\u0308ber [&hellip;]","og_url":"https:\/\/maisondefrance.de\/fr\/mitgliederversammlung-am-26-03-2026\/","og_site_name":"Freundeskreis des MAISON DE FRANCE e.V.","article_published_time":"2026-03-09T18:09:17+00:00","article_modified_time":"2026-03-09T18:16:40+00:00","og_image":[{"width":1600,"height":742,"url":"https:\/\/maisondefrance.de\/wp-content\/uploads\/2025\/03\/0d249148-b63e-42db-b39a-7cab1425b32a.jpg","type":"image\/jpeg"}],"author":"admin","twitter_card":"summary_large_image","twitter_misc":{"\u00c9crit par":"admin","Dur\u00e9e de lecture estim\u00e9e":"2 minutes"},"schema":{"@context":"https:\/\/schema.org","@graph":[{"@type":"Article","@id":"https:\/\/maisondefrance.de\/mitgliederversammlung-am-26-03-2026\/#article","isPartOf":{"@id":"https:\/\/maisondefrance.de\/mitgliederversammlung-am-26-03-2026\/"},"author":{"name":"admin","@id":"https:\/\/maisondefrance.de\/#\/schema\/person\/bcc6f1401d17b348a4ba77765f9b8586"},"headline":"Mitgliederversammlung am 26.03.2026","datePublished":"2026-03-09T18:09:17+00:00","dateModified":"2026-03-09T18:16:40+00:00","mainEntityOfPage":{"@id":"https:\/\/maisondefrance.de\/mitgliederversammlung-am-26-03-2026\/"},"wordCount":207,"publisher":{"@id":"https:\/\/maisondefrance.de\/#organization"},"image":{"@id":"https:\/\/maisondefrance.de\/mitgliederversammlung-am-26-03-2026\/#primaryimage"},"thumbnailUrl":"https:\/\/maisondefrance.de\/wp-content\/uploads\/2025\/03\/0d249148-b63e-42db-b39a-7cab1425b32a.jpg","articleSection":["Vorschau"],"inLanguage":"fr-FR"},{"@type":"WebPage","@id":"https:\/\/maisondefrance.de\/mitgliederversammlung-am-26-03-2026\/","url":"https:\/\/maisondefrance.de\/mitgliederversammlung-am-26-03-2026\/","name":"Mitgliederversammlung am 26.03.2026 - Freundeskreis des MAISON DE FRANCE e.V.","isPartOf":{"@id":"https:\/\/maisondefrance.de\/#website"},"primaryImageOfPage":{"@id":"https:\/\/maisondefrance.de\/mitgliederversammlung-am-26-03-2026\/#primaryimage"},"image":{"@id":"https:\/\/maisondefrance.de\/mitgliederversammlung-am-26-03-2026\/#primaryimage"},"thumbnailUrl":"https:\/\/maisondefrance.de\/wp-content\/uploads\/2025\/03\/0d249148-b63e-42db-b39a-7cab1425b32a.jpg","datePublished":"2026-03-09T18:09:17+00:00","dateModified":"2026-03-09T18:16:40+00:00","breadcrumb":{"@id":"https:\/\/maisondefrance.de\/mitgliederversammlung-am-26-03-2026\/#breadcrumb"},"inLanguage":"fr-FR","potentialAction":[{"@type":"ReadAction","target":["https:\/\/maisondefrance.de\/mitgliederversammlung-am-26-03-2026\/"]}]},{"@type":"ImageObject","inLanguage":"fr-FR","@id":"https:\/\/maisondefrance.de\/mitgliederversammlung-am-26-03-2026\/#primaryimage","url":"https:\/\/maisondefrance.de\/wp-content\/uploads\/2025\/03\/0d249148-b63e-42db-b39a-7cab1425b32a.jpg","contentUrl":"https:\/\/maisondefrance.de\/wp-content\/uploads\/2025\/03\/0d249148-b63e-42db-b39a-7cab1425b32a.jpg","width":1600,"height":742},{"@type":"BreadcrumbList","@id":"https:\/\/maisondefrance.de\/mitgliederversammlung-am-26-03-2026\/#breadcrumb","itemListElement":[{"@type":"ListItem","position":1,"name":"Startseite","item":"https:\/\/maisondefrance.de\/"},{"@type":"ListItem","position":2,"name":"Mitgliederversammlung am 26.03.2026"}]},{"@type":"WebSite","@id":"https:\/\/maisondefrance.de\/#website","url":"https:\/\/maisondefrance.de\/","name":"Freundeskreis des MAISON DE FRANCE e.V.","description":"Deutsch-Franz\u00f6sischer Kulturverein","publisher":{"@id":"https:\/\/maisondefrance.de\/#organization"},"potentialAction":[{"@type":"SearchAction","target":{"@type":"EntryPoint","urlTemplate":"https:\/\/maisondefrance.de\/?s={search_term_string}"},"query-input":{"@type":"PropertyValueSpecification","valueRequired":true,"valueName":"search_term_string"}}],"inLanguage":"fr-FR"},{"@type":"Organization","@id":"https:\/\/maisondefrance.de\/#organization","name":"Freundeskreis des MAISON DE FRANCE e.V.","url":"https:\/\/maisondefrance.de\/","logo":{"@type":"ImageObject","inLanguage":"fr-FR","@id":"https:\/\/maisondefrance.de\/#\/schema\/logo\/image\/","url":"https:\/\/maisondefrance.de\/wp-content\/uploads\/2024\/09\/cropped-image004-2.png","contentUrl":"https:\/\/maisondefrance.de\/wp-content\/uploads\/2024\/09\/cropped-image004-2.png","width":665,"height":624,"caption":"Freundeskreis des MAISON DE FRANCE e.V."},"image":{"@id":"https:\/\/maisondefrance.de\/#\/schema\/logo\/image\/"}},{"@type":"Person","@id":"https:\/\/maisondefrance.de\/#\/schema\/person\/bcc6f1401d17b348a4ba77765f9b8586","name":"admin","sameAs":["https:\/\/maisondefrance.de"],"url":"https:\/\/maisondefrance.de\/fr\/author\/mdfadmin1\/"}]}},"_links":{"self":[{"href":"https:\/\/maisondefrance.de\/fr\/wp-json\/wp\/v2\/posts\/2354","targetHints":{"allow":["GET"]}}],"collection":[{"href":"https:\/\/maisondefrance.de\/fr\/wp-json\/wp\/v2\/posts"}],"about":[{"href":"https:\/\/maisondefrance.de\/fr\/wp-json\/wp\/v2\/types\/post"}],"author":[{"embeddable":true,"href":"https:\/\/maisondefrance.de\/fr\/wp-json\/wp\/v2\/users\/1"}],"replies":[{"embeddable":true,"href":"https:\/\/maisondefrance.de\/fr\/wp-json\/wp\/v2\/comments?post=2354"}],"version-history":[{"count":4,"href":"https:\/\/maisondefrance.de\/fr\/wp-json\/wp\/v2\/posts\/2354\/revisions"}],"predecessor-version":[{"id":2360,"href":"https:\/\/maisondefrance.de\/fr\/wp-json\/wp\/v2\/posts\/2354\/revisions\/2360"}],"wp:featuredmedia":[{"embeddable":true,"href":"https:\/\/maisondefrance.de\/fr\/wp-json\/wp\/v2\/media\/2139"}],"wp:attachment":[{"href":"https:\/\/maisondefrance.de\/fr\/wp-json\/wp\/v2\/media?parent=2354"}],"wp:term":[{"taxonomy":"category","embeddable":true,"href":"https:\/\/maisondefrance.de\/fr\/wp-json\/wp\/v2\/categories?post=2354"},{"taxonomy":"post_tag","embeddable":true,"href":"https:\/\/maisondefrance.de\/fr\/wp-json\/wp\/v2\/tags?post=2354"}],"curies":[{"name":"wp","href":"https:\/\/api.w.org\/{rel}","templated":true}]}}